
{"id":429,"date":"2023-09-22T13:49:00","date_gmt":"2023-09-22T11:49:00","guid":{"rendered":"https:\/\/www.amarpies.com\/blog\/?p=429"},"modified":"2023-12-22T14:01:43","modified_gmt":"2023-12-22T13:01:43","slug":"amarpies-presenta-su-coleccion-de-otono-invierno-de-la-mano-de-anne-igartiburu","status":"publish","type":"post","link":"https:\/\/www.amarpies.com\/blog\/amarpies-presenta-su-coleccion-de-otono-invierno-de-la-mano-de-anne-igartiburu\/","title":{"rendered":"Amarpies Presenta su Colecci\u00f3n de Oto\u00f1o-Invierno de la mano de Anne Igartiburu"},"content":{"rendered":"\n<p><strong>Anne Igartiburu: Carisma y Elegancia en Cada Paso<\/strong><\/p>\n\n\n\n<p>Tras el \u00e9xito en la campa\u00f1a anterior, la ic\u00f3nica periodista y presentadora de televisi\u00f3n, Anne Igartiburu vuelve a ser la imagen de Amarpies en esta nueva temporada de oto\u00f1o e invierno, aportando su inigualable carisma y elegancia.<\/p>\n\n\n\n<p><strong>\u00abMi Estilo de Vida, Mis Zapatos\u00bb captura la Esencia del Oto\u00f1o-Invierno<\/strong><\/p>\n\n\n\n<p>La campa\u00f1a de este a\u00f1o lleva por nombre \u00abMi Estilo de Vida, Mis Zapatos\u00bb, continuando la narrativa visual que cautiv\u00f3 en la temporada anterior. Fondos de colores invernales se combinan con ilustraciones lineales sencillas, evocando la esencia de la lluvia y las hojas ca\u00eddas del oto\u00f1o, todo ambientado con escenas urbanas que capturan la esencia de la vida cotidiana.<\/p>\n\n\n\n<figure class=\"wp-block-image size-large\"><img loading=\"lazy\" width=\"1024\" height=\"533\" src=\"https:\/\/www.amarpies.com\/blog\/wp-content\/uploads\/2023\/12\/BN-01-Amarpies-AW23-1024x533.jpg\" alt=\"\" class=\"wp-image-432\" srcset=\"https:\/\/www.amarpies.com\/blog\/wp-content\/uploads\/2023\/12\/BN-01-Amarpies-AW23-1024x533.jpg 1024w, https:\/\/www.amarpies.com\/blog\/wp-content\/uploads\/2023\/12\/BN-01-Amarpies-AW23-300x156.jpg 300w, https:\/\/www.amarpies.com\/blog\/wp-content\/uploads\/2023\/12\/BN-01-Amarpies-AW23-768x400.jpg 768w, https:\/\/www.amarpies.com\/blog\/wp-content\/uploads\/2023\/12\/BN-01-Amarpies-AW23-1536x800.jpg 1536w, https:\/\/www.amarpies.com\/blog\/wp-content\/uploads\/2023\/12\/BN-01-Amarpies-AW23.jpg 1920w\" sizes=\"(max-width: 1024px) 100vw, 1024px\" \/><\/figure>\n\n\n\n<p><strong>Moda y Confort: Una Combinaci\u00f3n Perfecta con Amarpies<\/strong><\/p>\n\n\n\n<p>En esta temporada, Amarpies ha elevado el dise\u00f1o y la innovaci\u00f3n en todas sus l\u00edneas de calzado. Desde deportivos casuales hasta botas y botines que combinan calidez y sofisticaci\u00f3n, as\u00ed como mocasines elegantemente refinados, la marca mantiene su compromiso de ofrecer comodidad sin sacrificar el estilo.<\/p>\n\n\n\n<figure class=\"wp-block-image size-large\"><img loading=\"lazy\" width=\"1024\" height=\"512\" src=\"https:\/\/www.amarpies.com\/blog\/wp-content\/uploads\/2023\/12\/image-03-1024x512.jpg\" alt=\"\" class=\"wp-image-433\" srcset=\"https:\/\/www.amarpies.com\/blog\/wp-content\/uploads\/2023\/12\/image-03-1024x512.jpg 1024w, https:\/\/www.amarpies.com\/blog\/wp-content\/uploads\/2023\/12\/image-03-300x150.jpg 300w, https:\/\/www.amarpies.com\/blog\/wp-content\/uploads\/2023\/12\/image-03-768x384.jpg 768w, https:\/\/www.amarpies.com\/blog\/wp-content\/uploads\/2023\/12\/image-03-1536x768.jpg 1536w, https:\/\/www.amarpies.com\/blog\/wp-content\/uploads\/2023\/12\/image-03.jpg 2000w\" sizes=\"(max-width: 1024px) 100vw, 1024px\" \/><\/figure>\n\n\n\n<figure class=\"wp-block-image size-large\"><img loading=\"lazy\" width=\"1024\" height=\"513\" src=\"https:\/\/www.amarpies.com\/blog\/wp-content\/uploads\/2023\/12\/image-02-1024x513.jpg\" alt=\"\" class=\"wp-image-434\" srcset=\"https:\/\/www.amarpies.com\/blog\/wp-content\/uploads\/2023\/12\/image-02-1024x513.jpg 1024w, https:\/\/www.amarpies.com\/blog\/wp-content\/uploads\/2023\/12\/image-02-300x150.jpg 300w, https:\/\/www.amarpies.com\/blog\/wp-content\/uploads\/2023\/12\/image-02-768x385.jpg 768w, https:\/\/www.amarpies.com\/blog\/wp-content\/uploads\/2023\/12\/image-02-1536x770.jpg 1536w, https:\/\/www.amarpies.com\/blog\/wp-content\/uploads\/2023\/12\/image-02.jpg 2000w\" sizes=\"(max-width: 1024px) 100vw, 1024px\" \/><\/figure>\n\n\n\n<p><strong>Calzado Ergon\u00f3mico y Tecnolog\u00eda Avanzada<\/strong><\/p>\n\n\n\n<p>Cada par de Amarpies ofrece comodidad excepcional gracias a su dise\u00f1o ergon\u00f3mico y avanzada tecnolog\u00eda. Fabricados con materiales de \u00faltima generaci\u00f3n, estos zapatos cuentan con hormas amplias que se ajustan perfectamente sin causar presi\u00f3n, adem\u00e1s de ser transpirables, suaves y ligeros. Las plantillas anat\u00f3micas y las suelas flexibles incorporan innovadoras tecnolog\u00edas para brindar amortiguaci\u00f3n y estabilidad diaria. Destacando, la tecnolog\u00eda Comfort Point que absorbe y distribuye las presiones de la zona del tal\u00f3n, asegurando bienestar en cada paso.<\/p>\n\n\n\n<p><strong>M\u00e1s de 15 A\u00f1os de Excelencia en Calzado Confortable<\/strong><\/p>\n\n\n\n<p>Amarpies es experto en la fabricaci\u00f3n de calzado confortable desde hace m\u00e1s de 15 a\u00f1os, por eso pone a nuestro alcance una inmejorable selecci\u00f3n de modelos para caminar a gusto de verdad. Su calzado se caracteriza por adaptarse a la forma natural del pie proporcionando descanso y una libertad de movimiento inigualables.<\/p>\n\n\n\n<figure class=\"wp-block-image size-large\"><img loading=\"lazy\" width=\"1024\" height=\"513\" src=\"https:\/\/www.amarpies.com\/blog\/wp-content\/uploads\/2023\/12\/image-01-1024x513.jpg\" alt=\"\" class=\"wp-image-436\" srcset=\"https:\/\/www.amarpies.com\/blog\/wp-content\/uploads\/2023\/12\/image-01-1024x513.jpg 1024w, https:\/\/www.amarpies.com\/blog\/wp-content\/uploads\/2023\/12\/image-01-300x150.jpg 300w, https:\/\/www.amarpies.com\/blog\/wp-content\/uploads\/2023\/12\/image-01-768x384.jpg 768w, https:\/\/www.amarpies.com\/blog\/wp-content\/uploads\/2023\/12\/image-01-1536x769.jpg 1536w, https:\/\/www.amarpies.com\/blog\/wp-content\/uploads\/2023\/12\/image-01.jpg 2000w\" sizes=\"(max-width: 1024px) 100vw, 1024px\" \/><figcaption><br><strong>Descubre la Nueva Colecci\u00f3n de Amarpies en tu Zapater\u00eda M\u00e1s Cercana<\/strong><br>&nbsp;<br>La colecci\u00f3n de Oto\u00f1o-Invierno de Amarpies est\u00e1 disponible en tu zapater\u00eda m\u00e1s cercana. Descubre su amplia variedad de modelos c\u00f3modos, femeninos y a la moda, ideales para cualquier ocasi\u00f3n. Sneakers, mocasines, botas, botines y m\u00e1s, en Amarpies encontrar\u00e1s tu estilo \u00fanico. \u00a1Eleva tu elegancia y comodidad con Amarpies!<\/figcaption><\/figure>\n","protected":false},"excerpt":{"rendered":"<p>Anne Igartiburu: Carisma y Elegancia en Cada Paso Tras el \u00e9xito en la campa\u00f1a anterior, la ic\u00f3nica periodista y presentadora de televisi\u00f3n, Anne Igartiburu vuelve a ser la imagen de Amarpies en esta nueva temporada de oto\u00f1o e invierno, aportando su inigualable carisma y elegancia. \u00abMi Estilo de Vida, Mis Zapatos\u00bb captura la Esencia del &#8230; <\/p>\n<p class=\"read-more-container\"><a title=\"Amarpies Presenta su Colecci\u00f3n de Oto\u00f1o-Invierno de la mano de Anne Igartiburu\" class=\"read-more button\" href=\"https:\/\/www.amarpies.com\/blog\/amarpies-presenta-su-coleccion-de-otono-invierno-de-la-mano-de-anne-igartiburu\/#more-429\" aria-label=\"M\u00e1s en Amarpies Presenta su Colecci\u00f3n de Oto\u00f1o-Invierno de la mano de Anne Igartiburu\">Leer m\u00e1s<\/a><\/p>\n","protected":false},"author":2,"featured_media":431,"comment_status":"open","ping_status":"closed","sticky":false,"template":"","format":"standard","meta":[],"categories":[1],"tags":[],"yoast_head":"<!-- This site is optimized with the Yoast SEO plugin v17.2.1 - https:\/\/yoast.com\/wordpress\/plugins\/seo\/ -->\n<title>Amarpies Presenta su Colecci\u00f3n de Oto\u00f1o-Invierno de la mano de Anne Igartiburu - Amarpies<\/title>\n<meta name=\"robots\" content=\"index, follow, max-snippet:-1, max-image-preview:large, max-video-preview:-1\" \/>\n<link rel=\"canonical\" href=\"https:\/\/www.amarpies.com\/blog\/amarpies-presenta-su-coleccion-de-otono-invierno-de-la-mano-de-anne-igartiburu\/\" \/>\n<meta property=\"og:locale\" content=\"es_ES\" \/>\n<meta property=\"og:type\" content=\"article\" \/>\n<meta property=\"og:title\" content=\"Amarpies Presenta su Colecci\u00f3n de Oto\u00f1o-Invierno de la mano de Anne Igartiburu - Amarpies\" \/>\n<meta property=\"og:description\" content=\"Anne Igartiburu: Carisma y Elegancia en Cada Paso Tras el \u00e9xito en la campa\u00f1a anterior, la ic\u00f3nica periodista y presentadora de televisi\u00f3n, Anne Igartiburu vuelve a ser la imagen de Amarpies en esta nueva temporada de oto\u00f1o e invierno, aportando su inigualable carisma y elegancia. \u00abMi Estilo de Vida, Mis Zapatos\u00bb captura la Esencia del ... Leer m\u00e1s\" \/>\n<meta property=\"og:url\" content=\"https:\/\/www.amarpies.com\/blog\/amarpies-presenta-su-coleccion-de-otono-invierno-de-la-mano-de-anne-igartiburu\/\" \/>\n<meta property=\"og:site_name\" content=\"Amarpies\" \/>\n<meta property=\"article:published_time\" content=\"2023-09-22T11:49:00+00:00\" \/>\n<meta property=\"article:modified_time\" content=\"2023-12-22T13:01:43+00:00\" \/>\n<meta property=\"og:image\" content=\"https:\/\/www.amarpies.com\/blog\/wp-content\/uploads\/2023\/12\/BN-06-Amarpies-AW23.jpg\" \/>\n\t<meta property=\"og:image:width\" content=\"1920\" \/>\n\t<meta property=\"og:image:height\" content=\"1000\" \/>\n<meta name=\"twitter:card\" content=\"summary_large_image\" \/>\n<meta name=\"twitter:label1\" content=\"Escrito por\" \/>\n\t<meta name=\"twitter:data1\" content=\"Estela Saura\" \/>\n\t<meta name=\"twitter:label2\" content=\"Tiempo de lectura\" \/>\n\t<meta name=\"twitter:data2\" content=\"3 minutos\" \/>\n<script type=\"application\/ld+json\" class=\"yoast-schema-graph\">{\"@context\":\"https:\/\/schema.org\",\"@graph\":[{\"@type\":\"WebSite\",\"@id\":\"https:\/\/www.amarpies.com\/blog\/#website\",\"url\":\"https:\/\/www.amarpies.com\/blog\/\",\"name\":\"Amarpies\",\"description\":\"Calzado C\\u00f3modo\",\"potentialAction\":[{\"@type\":\"SearchAction\",\"target\":{\"@type\":\"EntryPoint\",\"urlTemplate\":\"https:\/\/www.amarpies.com\/blog\/?s={search_term_string}\"},\"query-input\":\"required name=search_term_string\"}],\"inLanguage\":\"es\"},{\"@type\":\"ImageObject\",\"@id\":\"https:\/\/www.amarpies.com\/blog\/amarpies-presenta-su-coleccion-de-otono-invierno-de-la-mano-de-anne-igartiburu\/#primaryimage\",\"inLanguage\":\"es\",\"url\":\"https:\/\/www.amarpies.com\/blog\/wp-content\/uploads\/2023\/12\/BN-06-Amarpies-AW23.jpg\",\"contentUrl\":\"https:\/\/www.amarpies.com\/blog\/wp-content\/uploads\/2023\/12\/BN-06-Amarpies-AW23.jpg\",\"width\":1920,\"height\":1000},{\"@type\":\"WebPage\",\"@id\":\"https:\/\/www.amarpies.com\/blog\/amarpies-presenta-su-coleccion-de-otono-invierno-de-la-mano-de-anne-igartiburu\/#webpage\",\"url\":\"https:\/\/www.amarpies.com\/blog\/amarpies-presenta-su-coleccion-de-otono-invierno-de-la-mano-de-anne-igartiburu\/\",\"name\":\"Amarpies Presenta su Colecci\\u00f3n de Oto\\u00f1o-Invierno de la mano de Anne Igartiburu - Amarpies\",\"isPartOf\":{\"@id\":\"https:\/\/www.amarpies.com\/blog\/#website\"},\"primaryImageOfPage\":{\"@id\":\"https:\/\/www.amarpies.com\/blog\/amarpies-presenta-su-coleccion-de-otono-invierno-de-la-mano-de-anne-igartiburu\/#primaryimage\"},\"datePublished\":\"2023-09-22T11:49:00+00:00\",\"dateModified\":\"2023-12-22T13:01:43+00:00\",\"author\":{\"@id\":\"https:\/\/www.amarpies.com\/blog\/#\/schema\/person\/7310ee35d664636f5ae062d4a7ea1f46\"},\"breadcrumb\":{\"@id\":\"https:\/\/www.amarpies.com\/blog\/amarpies-presenta-su-coleccion-de-otono-invierno-de-la-mano-de-anne-igartiburu\/#breadcrumb\"},\"inLanguage\":\"es\",\"potentialAction\":[{\"@type\":\"ReadAction\",\"target\":[\"https:\/\/www.amarpies.com\/blog\/amarpies-presenta-su-coleccion-de-otono-invierno-de-la-mano-de-anne-igartiburu\/\"]}]},{\"@type\":\"BreadcrumbList\",\"@id\":\"https:\/\/www.amarpies.com\/blog\/amarpies-presenta-su-coleccion-de-otono-invierno-de-la-mano-de-anne-igartiburu\/#breadcrumb\",\"itemListElement\":[{\"@type\":\"ListItem\",\"position\":1,\"name\":\"Portada\",\"item\":\"https:\/\/www.amarpies.com\/blog\/\"},{\"@type\":\"ListItem\",\"position\":2,\"name\":\"Amarpies Presenta su Colecci\\u00f3n de Oto\\u00f1o-Invierno de la mano de Anne Igartiburu\"}]},{\"@type\":\"Person\",\"@id\":\"https:\/\/www.amarpies.com\/blog\/#\/schema\/person\/7310ee35d664636f5ae062d4a7ea1f46\",\"name\":\"Estela Saura\",\"image\":{\"@type\":\"ImageObject\",\"@id\":\"https:\/\/www.amarpies.com\/blog\/#personlogo\",\"inLanguage\":\"es\",\"url\":\"https:\/\/secure.gravatar.com\/avatar\/339109cacc67a192bd4c0a03b267acb6?s=96&d=mm&r=g\",\"contentUrl\":\"https:\/\/secure.gravatar.com\/avatar\/339109cacc67a192bd4c0a03b267acb6?s=96&d=mm&r=g\",\"caption\":\"Estela Saura\"},\"url\":\"https:\/\/www.amarpies.com\/blog\/author\/estela\/\"}]}<\/script>\n<!-- \/ Yoast SEO plugin. -->","yoast_head_json":{"title":"Amarpies Presenta su Colecci\u00f3n de Oto\u00f1o-Invierno de la mano de Anne Igartiburu - Amarpies","robots":{"index":"index","follow":"follow","max-snippet":"max-snippet:-1","max-image-preview":"max-image-preview:large","max-video-preview":"max-video-preview:-1"},"canonical":"https:\/\/www.amarpies.com\/blog\/amarpies-presenta-su-coleccion-de-otono-invierno-de-la-mano-de-anne-igartiburu\/","og_locale":"es_ES","og_type":"article","og_title":"Amarpies Presenta su Colecci\u00f3n de Oto\u00f1o-Invierno de la mano de Anne Igartiburu - Amarpies","og_description":"Anne Igartiburu: Carisma y Elegancia en Cada Paso Tras el \u00e9xito en la campa\u00f1a anterior, la ic\u00f3nica periodista y presentadora de televisi\u00f3n, Anne Igartiburu vuelve a ser la imagen de Amarpies en esta nueva temporada de oto\u00f1o e invierno, aportando su inigualable carisma y elegancia. \u00abMi Estilo de Vida, Mis Zapatos\u00bb captura la Esencia del ... Leer m\u00e1s","og_url":"https:\/\/www.amarpies.com\/blog\/amarpies-presenta-su-coleccion-de-otono-invierno-de-la-mano-de-anne-igartiburu\/","og_site_name":"Amarpies","article_published_time":"2023-09-22T11:49:00+00:00","article_modified_time":"2023-12-22T13:01:43+00:00","og_image":[{"width":1920,"height":1000,"url":"https:\/\/www.amarpies.com\/blog\/wp-content\/uploads\/2023\/12\/BN-06-Amarpies-AW23.jpg","path":"\/var\/www\/vhosts\/amarpies.com\/httpdocs\/blog\/wp-content\/uploads\/2023\/12\/BN-06-Amarpies-AW23.jpg","size":"full","id":431,"alt":"","pixels":1920000,"type":"image\/jpeg"}],"twitter_card":"summary_large_image","twitter_misc":{"Escrito por":"Estela Saura","Tiempo de lectura":"3 minutos"},"schema":{"@context":"https:\/\/schema.org","@graph":[{"@type":"WebSite","@id":"https:\/\/www.amarpies.com\/blog\/#website","url":"https:\/\/www.amarpies.com\/blog\/","name":"Amarpies","description":"Calzado C\u00f3modo","potentialAction":[{"@type":"SearchAction","target":{"@type":"EntryPoint","urlTemplate":"https:\/\/www.amarpies.com\/blog\/?s={search_term_string}"},"query-input":"required name=search_term_string"}],"inLanguage":"es"},{"@type":"ImageObject","@id":"https:\/\/www.amarpies.com\/blog\/amarpies-presenta-su-coleccion-de-otono-invierno-de-la-mano-de-anne-igartiburu\/#primaryimage","inLanguage":"es","url":"https:\/\/www.amarpies.com\/blog\/wp-content\/uploads\/2023\/12\/BN-06-Amarpies-AW23.jpg","contentUrl":"https:\/\/www.amarpies.com\/blog\/wp-content\/uploads\/2023\/12\/BN-06-Amarpies-AW23.jpg","width":1920,"height":1000},{"@type":"WebPage","@id":"https:\/\/www.amarpies.com\/blog\/amarpies-presenta-su-coleccion-de-otono-invierno-de-la-mano-de-anne-igartiburu\/#webpage","url":"https:\/\/www.amarpies.com\/blog\/amarpies-presenta-su-coleccion-de-otono-invierno-de-la-mano-de-anne-igartiburu\/","name":"Amarpies Presenta su Colecci\u00f3n de Oto\u00f1o-Invierno de la mano de Anne Igartiburu - Amarpies","isPartOf":{"@id":"https:\/\/www.amarpies.com\/blog\/#website"},"primaryImageOfPage":{"@id":"https:\/\/www.amarpies.com\/blog\/amarpies-presenta-su-coleccion-de-otono-invierno-de-la-mano-de-anne-igartiburu\/#primaryimage"},"datePublished":"2023-09-22T11:49:00+00:00","dateModified":"2023-12-22T13:01:43+00:00","author":{"@id":"https:\/\/www.amarpies.com\/blog\/#\/schema\/person\/7310ee35d664636f5ae062d4a7ea1f46"},"breadcrumb":{"@id":"https:\/\/www.amarpies.com\/blog\/amarpies-presenta-su-coleccion-de-otono-invierno-de-la-mano-de-anne-igartiburu\/#breadcrumb"},"inLanguage":"es","potentialAction":[{"@type":"ReadAction","target":["https:\/\/www.amarpies.com\/blog\/amarpies-presenta-su-coleccion-de-otono-invierno-de-la-mano-de-anne-igartiburu\/"]}]},{"@type":"BreadcrumbList","@id":"https:\/\/www.amarpies.com\/blog\/amarpies-presenta-su-coleccion-de-otono-invierno-de-la-mano-de-anne-igartiburu\/#breadcrumb","itemListElement":[{"@type":"ListItem","position":1,"name":"Portada","item":"https:\/\/www.amarpies.com\/blog\/"},{"@type":"ListItem","position":2,"name":"Amarpies Presenta su Colecci\u00f3n de Oto\u00f1o-Invierno de la mano de Anne Igartiburu"}]},{"@type":"Person","@id":"https:\/\/www.amarpies.com\/blog\/#\/schema\/person\/7310ee35d664636f5ae062d4a7ea1f46","name":"Estela Saura","image":{"@type":"ImageObject","@id":"https:\/\/www.amarpies.com\/blog\/#personlogo","inLanguage":"es","url":"https:\/\/secure.gravatar.com\/avatar\/339109cacc67a192bd4c0a03b267acb6?s=96&d=mm&r=g","contentUrl":"https:\/\/secure.gravatar.com\/avatar\/339109cacc67a192bd4c0a03b267acb6?s=96&d=mm&r=g","caption":"Estela Saura"},"url":"https:\/\/www.amarpies.com\/blog\/author\/estela\/"}]}},"_links":{"self":[{"href":"https:\/\/www.amarpies.com\/blog\/wp-json\/wp\/v2\/posts\/429"}],"collection":[{"href":"https:\/\/www.amarpies.com\/blog\/wp-json\/wp\/v2\/posts"}],"about":[{"href":"https:\/\/www.amarpies.com\/blog\/wp-json\/wp\/v2\/types\/post"}],"author":[{"embeddable":true,"href":"https:\/\/www.amarpies.com\/blog\/wp-json\/wp\/v2\/users\/2"}],"replies":[{"embeddable":true,"href":"https:\/\/www.amarpies.com\/blog\/wp-json\/wp\/v2\/comments?post=429"}],"version-history":[{"count":4,"href":"https:\/\/www.amarpies.com\/blog\/wp-json\/wp\/v2\/posts\/429\/revisions"}],"predecessor-version":[{"id":439,"href":"https:\/\/www.amarpies.com\/blog\/wp-json\/wp\/v2\/posts\/429\/revisions\/439"}],"wp:featuredmedia":[{"embeddable":true,"href":"https:\/\/www.amarpies.com\/blog\/wp-json\/wp\/v2\/media\/431"}],"wp:attachment":[{"href":"https:\/\/www.amarpies.com\/blog\/wp-json\/wp\/v2\/media?parent=429"}],"wp:term":[{"taxonomy":"category","embeddable":true,"href":"https:\/\/www.amarpies.com\/blog\/wp-json\/wp\/v2\/categories?post=429"},{"taxonomy":"post_tag","embeddable":true,"href":"https:\/\/www.amarpies.com\/blog\/wp-json\/wp\/v2\/tags?post=429"}],"curies":[{"name":"wp","href":"https:\/\/api.w.org\/{rel}","templated":true}]}}