
{"id":421,"date":"2023-07-20T16:24:00","date_gmt":"2023-07-20T14:24:00","guid":{"rendered":"https:\/\/www.amarpies.com\/blog\/?p=421"},"modified":"2023-08-03T16:26:54","modified_gmt":"2023-08-03T14:26:54","slug":"anne-igartiburu-tiene-las-sandalias-amarpies-que-no-pueden-faltar-en-tus-vacaciones","status":"publish","type":"post","link":"https:\/\/www.amarpies.com\/blog\/anne-igartiburu-tiene-las-sandalias-amarpies-que-no-pueden-faltar-en-tus-vacaciones\/","title":{"rendered":"Anne Igartiburu tiene las sandalias Amarpies que no pueden faltar en tus vacaciones"},"content":{"rendered":"\n<h2><strong>Son c\u00f3modas, vers\u00e1tiles y combinan con todos los looks veraniegos<\/strong><\/h2>\n\n\n\n<p><strong>Anne Igartiburu<\/strong>, la reconocida presentadora, <strong>ha elegido las sandalias <a href=\"https:\/\/www.amarpies.com\/\">Amarpies<\/a> como su calzado imprescindible del verano<\/strong>. Estas sandalias, adem\u00e1s de ser <strong>c\u00f3modas<\/strong>, <strong>se adaptan perfectamente a cualquier look que se desee lucir<\/strong>. Son <strong>confortables<\/strong> y <strong>elegantes<\/strong>, lo que las convierten en las <strong>mejores aliadas para sus vacaciones<\/strong>.<\/p>\n\n\n\n<p>A la hora de planificar nuestras <strong>vacaciones<\/strong>, una de las decisiones cruciales es <strong>elegir el calzado adecuado que nos brinde la comodidad necesaria para disfrutar al m\u00e1ximo de nuestros d\u00edas de descanso<\/strong>. Las <a href=\"https:\/\/www.amarpies.com\/sandalias-12\">sandalias<\/a> de Amarpies son la elecci\u00f3n ideal, ofreciendo confort sin comprometer el estilo.<\/p>\n\n\n\n<p>Las sandalias Amarpies se caracterizan por su <strong>ergonom\u00eda<\/strong>, <strong>ligereza<\/strong> y <strong>flexibilidad<\/strong>, <strong>adapt\u00e1ndose a la forma natural del pie para proporcionar descanso y libertad de movimiento<\/strong>. Con una horma amplia que asegura un calce c\u00f3modo, estas sandalias incorporan la tecnolog\u00eda <strong>Comfort Point<\/strong>, que distribuye las presiones de forma efectiva, brindando bienestar en cada paso.<\/p>\n\n\n\n<figure class=\"wp-block-image size-full\"><img loading=\"lazy\" width=\"770\" height=\"1127\" src=\"https:\/\/www.amarpies.com\/blog\/wp-content\/uploads\/2023\/08\/ANNE-AMARPIES-SS23-10.jpeg\" alt=\"\" class=\"wp-image-424\" srcset=\"https:\/\/www.amarpies.com\/blog\/wp-content\/uploads\/2023\/08\/ANNE-AMARPIES-SS23-10.jpeg 770w, https:\/\/www.amarpies.com\/blog\/wp-content\/uploads\/2023\/08\/ANNE-AMARPIES-SS23-10-205x300.jpeg 205w, https:\/\/www.amarpies.com\/blog\/wp-content\/uploads\/2023\/08\/ANNE-AMARPIES-SS23-10-700x1024.jpeg 700w, https:\/\/www.amarpies.com\/blog\/wp-content\/uploads\/2023\/08\/ANNE-AMARPIES-SS23-10-768x1124.jpeg 768w\" sizes=\"(max-width: 770px) 100vw, 770px\" \/><\/figure>\n\n\n\n<p>Est\u00e1n <strong>dise\u00f1adas<\/strong> con <strong>materiales suaves y flexibles<\/strong> <strong>que se amoldan al pie, ofreciendo un ajuste perfecto<\/strong>. Adem\u00e1s, cuentan con <strong>plantillas anat\u00f3micas<\/strong>, ya sean fijas o extra\u00edbles, para ofrecer un soporte adicional y adaptarse a las necesidades individuales de cada persona. Las <strong>suelas<\/strong>, equipadas con <strong>innovadoras tecnolog\u00edas, proporcionan un \u00f3ptimo nivel de amortiguaci\u00f3n y estabilidad en cada pisada<\/strong>.<\/p>\n\n\n\n<p>Su <strong>dise\u00f1o vers\u00e1til <\/strong>permite combinarlas con diferentes <strong>estilismos<\/strong>, desde <strong>informales<\/strong> hasta m\u00e1s <strong>sofisticados<\/strong>, convirti\u00e9ndolas en el <strong>calzado ideal para cualquier ocasi\u00f3n veraniega<\/strong>. Si buscas sandalias c\u00f3modas y elegantes que se adapten a tus looks de verano, las sandalias Amarpies son la elecci\u00f3n perfecta. <strong>Disfruta de tus vacaciones con total comodidad y estilo con Amarpies<\/strong>.<\/p>\n\n\n\n<figure class=\"wp-block-image size-full\"><img loading=\"lazy\" width=\"714\" height=\"962\" src=\"https:\/\/www.amarpies.com\/blog\/wp-content\/uploads\/2023\/08\/ANNE-AMARPIES-SS23-06-kaki.jpeg\" alt=\"\" class=\"wp-image-422\" srcset=\"https:\/\/www.amarpies.com\/blog\/wp-content\/uploads\/2023\/08\/ANNE-AMARPIES-SS23-06-kaki.jpeg 714w, https:\/\/www.amarpies.com\/blog\/wp-content\/uploads\/2023\/08\/ANNE-AMARPIES-SS23-06-kaki-223x300.jpeg 223w\" sizes=\"(max-width: 714px) 100vw, 714px\" \/><\/figure>\n","protected":false},"excerpt":{"rendered":"<p>Son c\u00f3modas, vers\u00e1tiles y combinan con todos los looks veraniegos Anne Igartiburu, la reconocida presentadora, ha elegido las sandalias Amarpies como su calzado imprescindible del verano. Estas sandalias, adem\u00e1s de ser c\u00f3modas, se adaptan perfectamente a cualquier look que se desee lucir. Son confortables y elegantes, lo que las convierten en las mejores aliadas para &#8230; <\/p>\n<p class=\"read-more-container\"><a title=\"Anne Igartiburu tiene las sandalias Amarpies que no pueden faltar en tus vacaciones\" class=\"read-more button\" href=\"https:\/\/www.amarpies.com\/blog\/anne-igartiburu-tiene-las-sandalias-amarpies-que-no-pueden-faltar-en-tus-vacaciones\/#more-421\" aria-label=\"M\u00e1s en Anne Igartiburu tiene las sandalias Amarpies que no pueden faltar en tus vacaciones\">Leer m\u00e1s<\/a><\/p>\n","protected":false},"author":2,"featured_media":423,"comment_status":"open","ping_status":"closed","sticky":false,"template":"","format":"standard","meta":[],"categories":[1],"tags":[],"yoast_head":"<!-- This site is optimized with the Yoast SEO plugin v17.2.1 - https:\/\/yoast.com\/wordpress\/plugins\/seo\/ -->\n<title>Anne Igartiburu tiene las sandalias Amarpies que no pueden faltar en tus vacaciones - Amarpies<\/title>\n<meta name=\"robots\" content=\"index, follow, max-snippet:-1, max-image-preview:large, max-video-preview:-1\" \/>\n<link rel=\"canonical\" href=\"https:\/\/www.amarpies.com\/blog\/anne-igartiburu-tiene-las-sandalias-amarpies-que-no-pueden-faltar-en-tus-vacaciones\/\" \/>\n<meta property=\"og:locale\" content=\"es_ES\" \/>\n<meta property=\"og:type\" content=\"article\" \/>\n<meta property=\"og:title\" content=\"Anne Igartiburu tiene las sandalias Amarpies que no pueden faltar en tus vacaciones - Amarpies\" \/>\n<meta property=\"og:description\" content=\"Son c\u00f3modas, vers\u00e1tiles y combinan con todos los looks veraniegos Anne Igartiburu, la reconocida presentadora, ha elegido las sandalias Amarpies como su calzado imprescindible del verano. Estas sandalias, adem\u00e1s de ser c\u00f3modas, se adaptan perfectamente a cualquier look que se desee lucir. Son confortables y elegantes, lo que las convierten en las mejores aliadas para ... Leer m\u00e1s\" \/>\n<meta property=\"og:url\" content=\"https:\/\/www.amarpies.com\/blog\/anne-igartiburu-tiene-las-sandalias-amarpies-que-no-pueden-faltar-en-tus-vacaciones\/\" \/>\n<meta property=\"og:site_name\" content=\"Amarpies\" \/>\n<meta property=\"article:published_time\" content=\"2023-07-20T14:24:00+00:00\" \/>\n<meta property=\"article:modified_time\" content=\"2023-08-03T14:26:54+00:00\" \/>\n<meta property=\"og:image\" content=\"https:\/\/www.amarpies.com\/blog\/wp-content\/uploads\/2023\/08\/ANNE-AMARPIES-SS23-09-bis.jpeg\" \/>\n\t<meta property=\"og:image:width\" content=\"1280\" \/>\n\t<meta property=\"og:image:height\" content=\"788\" \/>\n<meta name=\"twitter:card\" content=\"summary_large_image\" \/>\n<meta name=\"twitter:label1\" content=\"Escrito por\" \/>\n\t<meta name=\"twitter:data1\" content=\"Estela Saura\" \/>\n\t<meta name=\"twitter:label2\" content=\"Tiempo de lectura\" \/>\n\t<meta name=\"twitter:data2\" content=\"2 minutos\" \/>\n<script type=\"application\/ld+json\" class=\"yoast-schema-graph\">{\"@context\":\"https:\/\/schema.org\",\"@graph\":[{\"@type\":\"WebSite\",\"@id\":\"https:\/\/www.amarpies.com\/blog\/#website\",\"url\":\"https:\/\/www.amarpies.com\/blog\/\",\"name\":\"Amarpies\",\"description\":\"Calzado C\\u00f3modo\",\"potentialAction\":[{\"@type\":\"SearchAction\",\"target\":{\"@type\":\"EntryPoint\",\"urlTemplate\":\"https:\/\/www.amarpies.com\/blog\/?s={search_term_string}\"},\"query-input\":\"required name=search_term_string\"}],\"inLanguage\":\"es\"},{\"@type\":\"ImageObject\",\"@id\":\"https:\/\/www.amarpies.com\/blog\/anne-igartiburu-tiene-las-sandalias-amarpies-que-no-pueden-faltar-en-tus-vacaciones\/#primaryimage\",\"inLanguage\":\"es\",\"url\":\"https:\/\/www.amarpies.com\/blog\/wp-content\/uploads\/2023\/08\/ANNE-AMARPIES-SS23-09-bis.jpeg\",\"contentUrl\":\"https:\/\/www.amarpies.com\/blog\/wp-content\/uploads\/2023\/08\/ANNE-AMARPIES-SS23-09-bis.jpeg\",\"width\":1280,\"height\":788},{\"@type\":\"WebPage\",\"@id\":\"https:\/\/www.amarpies.com\/blog\/anne-igartiburu-tiene-las-sandalias-amarpies-que-no-pueden-faltar-en-tus-vacaciones\/#webpage\",\"url\":\"https:\/\/www.amarpies.com\/blog\/anne-igartiburu-tiene-las-sandalias-amarpies-que-no-pueden-faltar-en-tus-vacaciones\/\",\"name\":\"Anne Igartiburu tiene las sandalias Amarpies que no pueden faltar en tus vacaciones - Amarpies\",\"isPartOf\":{\"@id\":\"https:\/\/www.amarpies.com\/blog\/#website\"},\"primaryImageOfPage\":{\"@id\":\"https:\/\/www.amarpies.com\/blog\/anne-igartiburu-tiene-las-sandalias-amarpies-que-no-pueden-faltar-en-tus-vacaciones\/#primaryimage\"},\"datePublished\":\"2023-07-20T14:24:00+00:00\",\"dateModified\":\"2023-08-03T14:26:54+00:00\",\"author\":{\"@id\":\"https:\/\/www.amarpies.com\/blog\/#\/schema\/person\/7310ee35d664636f5ae062d4a7ea1f46\"},\"breadcrumb\":{\"@id\":\"https:\/\/www.amarpies.com\/blog\/anne-igartiburu-tiene-las-sandalias-amarpies-que-no-pueden-faltar-en-tus-vacaciones\/#breadcrumb\"},\"inLanguage\":\"es\",\"potentialAction\":[{\"@type\":\"ReadAction\",\"target\":[\"https:\/\/www.amarpies.com\/blog\/anne-igartiburu-tiene-las-sandalias-amarpies-que-no-pueden-faltar-en-tus-vacaciones\/\"]}]},{\"@type\":\"BreadcrumbList\",\"@id\":\"https:\/\/www.amarpies.com\/blog\/anne-igartiburu-tiene-las-sandalias-amarpies-que-no-pueden-faltar-en-tus-vacaciones\/#breadcrumb\",\"itemListElement\":[{\"@type\":\"ListItem\",\"position\":1,\"name\":\"Portada\",\"item\":\"https:\/\/www.amarpies.com\/blog\/\"},{\"@type\":\"ListItem\",\"position\":2,\"name\":\"Anne Igartiburu tiene las sandalias Amarpies que no pueden faltar en tus vacaciones\"}]},{\"@type\":\"Person\",\"@id\":\"https:\/\/www.amarpies.com\/blog\/#\/schema\/person\/7310ee35d664636f5ae062d4a7ea1f46\",\"name\":\"Estela Saura\",\"image\":{\"@type\":\"ImageObject\",\"@id\":\"https:\/\/www.amarpies.com\/blog\/#personlogo\",\"inLanguage\":\"es\",\"url\":\"https:\/\/secure.gravatar.com\/avatar\/339109cacc67a192bd4c0a03b267acb6?s=96&d=mm&r=g\",\"contentUrl\":\"https:\/\/secure.gravatar.com\/avatar\/339109cacc67a192bd4c0a03b267acb6?s=96&d=mm&r=g\",\"caption\":\"Estela Saura\"},\"url\":\"https:\/\/www.amarpies.com\/blog\/author\/estela\/\"}]}<\/script>\n<!-- \/ Yoast SEO plugin. -->","yoast_head_json":{"title":"Anne Igartiburu tiene las sandalias Amarpies que no pueden faltar en tus vacaciones - Amarpies","robots":{"index":"index","follow":"follow","max-snippet":"max-snippet:-1","max-image-preview":"max-image-preview:large","max-video-preview":"max-video-preview:-1"},"canonical":"https:\/\/www.amarpies.com\/blog\/anne-igartiburu-tiene-las-sandalias-amarpies-que-no-pueden-faltar-en-tus-vacaciones\/","og_locale":"es_ES","og_type":"article","og_title":"Anne Igartiburu tiene las sandalias Amarpies que no pueden faltar en tus vacaciones - Amarpies","og_description":"Son c\u00f3modas, vers\u00e1tiles y combinan con todos los looks veraniegos Anne Igartiburu, la reconocida presentadora, ha elegido las sandalias Amarpies como su calzado imprescindible del verano. Estas sandalias, adem\u00e1s de ser c\u00f3modas, se adaptan perfectamente a cualquier look que se desee lucir. Son confortables y elegantes, lo que las convierten en las mejores aliadas para ... Leer m\u00e1s","og_url":"https:\/\/www.amarpies.com\/blog\/anne-igartiburu-tiene-las-sandalias-amarpies-que-no-pueden-faltar-en-tus-vacaciones\/","og_site_name":"Amarpies","article_published_time":"2023-07-20T14:24:00+00:00","article_modified_time":"2023-08-03T14:26:54+00:00","og_image":[{"width":1280,"height":788,"url":"https:\/\/www.amarpies.com\/blog\/wp-content\/uploads\/2023\/08\/ANNE-AMARPIES-SS23-09-bis.jpeg","path":"\/var\/www\/vhosts\/amarpies.com\/httpdocs\/blog\/wp-content\/uploads\/2023\/08\/ANNE-AMARPIES-SS23-09-bis.jpeg","size":"full","id":423,"alt":"","pixels":1008640,"type":"image\/jpeg"}],"twitter_card":"summary_large_image","twitter_misc":{"Escrito por":"Estela Saura","Tiempo de lectura":"2 minutos"},"schema":{"@context":"https:\/\/schema.org","@graph":[{"@type":"WebSite","@id":"https:\/\/www.amarpies.com\/blog\/#website","url":"https:\/\/www.amarpies.com\/blog\/","name":"Amarpies","description":"Calzado C\u00f3modo","potentialAction":[{"@type":"SearchAction","target":{"@type":"EntryPoint","urlTemplate":"https:\/\/www.amarpies.com\/blog\/?s={search_term_string}"},"query-input":"required name=search_term_string"}],"inLanguage":"es"},{"@type":"ImageObject","@id":"https:\/\/www.amarpies.com\/blog\/anne-igartiburu-tiene-las-sandalias-amarpies-que-no-pueden-faltar-en-tus-vacaciones\/#primaryimage","inLanguage":"es","url":"https:\/\/www.amarpies.com\/blog\/wp-content\/uploads\/2023\/08\/ANNE-AMARPIES-SS23-09-bis.jpeg","contentUrl":"https:\/\/www.amarpies.com\/blog\/wp-content\/uploads\/2023\/08\/ANNE-AMARPIES-SS23-09-bis.jpeg","width":1280,"height":788},{"@type":"WebPage","@id":"https:\/\/www.amarpies.com\/blog\/anne-igartiburu-tiene-las-sandalias-amarpies-que-no-pueden-faltar-en-tus-vacaciones\/#webpage","url":"https:\/\/www.amarpies.com\/blog\/anne-igartiburu-tiene-las-sandalias-amarpies-que-no-pueden-faltar-en-tus-vacaciones\/","name":"Anne Igartiburu tiene las sandalias Amarpies que no pueden faltar en tus vacaciones - Amarpies","isPartOf":{"@id":"https:\/\/www.amarpies.com\/blog\/#website"},"primaryImageOfPage":{"@id":"https:\/\/www.amarpies.com\/blog\/anne-igartiburu-tiene-las-sandalias-amarpies-que-no-pueden-faltar-en-tus-vacaciones\/#primaryimage"},"datePublished":"2023-07-20T14:24:00+00:00","dateModified":"2023-08-03T14:26:54+00:00","author":{"@id":"https:\/\/www.amarpies.com\/blog\/#\/schema\/person\/7310ee35d664636f5ae062d4a7ea1f46"},"breadcrumb":{"@id":"https:\/\/www.amarpies.com\/blog\/anne-igartiburu-tiene-las-sandalias-amarpies-que-no-pueden-faltar-en-tus-vacaciones\/#breadcrumb"},"inLanguage":"es","potentialAction":[{"@type":"ReadAction","target":["https:\/\/www.amarpies.com\/blog\/anne-igartiburu-tiene-las-sandalias-amarpies-que-no-pueden-faltar-en-tus-vacaciones\/"]}]},{"@type":"BreadcrumbList","@id":"https:\/\/www.amarpies.com\/blog\/anne-igartiburu-tiene-las-sandalias-amarpies-que-no-pueden-faltar-en-tus-vacaciones\/#breadcrumb","itemListElement":[{"@type":"ListItem","position":1,"name":"Portada","item":"https:\/\/www.amarpies.com\/blog\/"},{"@type":"ListItem","position":2,"name":"Anne Igartiburu tiene las sandalias Amarpies que no pueden faltar en tus vacaciones"}]},{"@type":"Person","@id":"https:\/\/www.amarpies.com\/blog\/#\/schema\/person\/7310ee35d664636f5ae062d4a7ea1f46","name":"Estela Saura","image":{"@type":"ImageObject","@id":"https:\/\/www.amarpies.com\/blog\/#personlogo","inLanguage":"es","url":"https:\/\/secure.gravatar.com\/avatar\/339109cacc67a192bd4c0a03b267acb6?s=96&d=mm&r=g","contentUrl":"https:\/\/secure.gravatar.com\/avatar\/339109cacc67a192bd4c0a03b267acb6?s=96&d=mm&r=g","caption":"Estela Saura"},"url":"https:\/\/www.amarpies.com\/blog\/author\/estela\/"}]}},"_links":{"self":[{"href":"https:\/\/www.amarpies.com\/blog\/wp-json\/wp\/v2\/posts\/421"}],"collection":[{"href":"https:\/\/www.amarpies.com\/blog\/wp-json\/wp\/v2\/posts"}],"about":[{"href":"https:\/\/www.amarpies.com\/blog\/wp-json\/wp\/v2\/types\/post"}],"author":[{"embeddable":true,"href":"https:\/\/www.amarpies.com\/blog\/wp-json\/wp\/v2\/users\/2"}],"replies":[{"embeddable":true,"href":"https:\/\/www.amarpies.com\/blog\/wp-json\/wp\/v2\/comments?post=421"}],"version-history":[{"count":2,"href":"https:\/\/www.amarpies.com\/blog\/wp-json\/wp\/v2\/posts\/421\/revisions"}],"predecessor-version":[{"id":426,"href":"https:\/\/www.amarpies.com\/blog\/wp-json\/wp\/v2\/posts\/421\/revisions\/426"}],"wp:featuredmedia":[{"embeddable":true,"href":"https:\/\/www.amarpies.com\/blog\/wp-json\/wp\/v2\/media\/423"}],"wp:attachment":[{"href":"https:\/\/www.amarpies.com\/blog\/wp-json\/wp\/v2\/media?parent=421"}],"wp:term":[{"taxonomy":"category","embeddable":true,"href":"https:\/\/www.amarpies.com\/blog\/wp-json\/wp\/v2\/categories?post=421"},{"taxonomy":"post_tag","embeddable":true,"href":"https:\/\/www.amarpies.com\/blog\/wp-json\/wp\/v2\/tags?post=421"}],"curies":[{"name":"wp","href":"https:\/\/api.w.org\/{rel}","templated":true}]}}