
{"id":405,"date":"2023-06-15T12:05:00","date_gmt":"2023-06-15T10:05:00","guid":{"rendered":"https:\/\/www.amarpies.com\/blog\/?p=405"},"modified":"2023-08-03T16:22:15","modified_gmt":"2023-08-03T14:22:15","slug":"estas-son-las-sandalias-cuna-comodas-y-bonitas-de-amarpies-para-llevar-este-verano","status":"publish","type":"post","link":"https:\/\/www.amarpies.com\/blog\/estas-son-las-sandalias-cuna-comodas-y-bonitas-de-amarpies-para-llevar-este-verano\/","title":{"rendered":"Estas son las sandalias cu\u00f1a c\u00f3modas y bonitas de Amarpies para llevar este verano"},"content":{"rendered":"\n<p>Con la llegada de las temperaturas c\u00e1lidas, las sandalias sin duda se convierten en nuestras mejores aliadas para lucir con todo tipo de estilismos, y si son con cu\u00f1a mucho mejor porque re\u00fanen confort y elegancia.&nbsp;<br>Y es que no hay zapato comparable a las cu\u00f1as, aportan todo lo bueno de unos zapatos de tac\u00f3n, estilizando la silueta y sumando cent\u00edmetros, sin renunciar a la comodidad y estabilidad de unos zapatos planos.&nbsp;<\/p>\n\n\n\n<p><br>A pesar de lo mucho que nos maravillen los tacones, de poco nos sirve que un zapato nos estilice y a\u00f1ada sofisticaci\u00f3n a nuestros looks si no podemos aguantar con \u00e9l m\u00e1s de dos horas. Por suerte, hay marcas como Amarpies que escuchan las peticiones de las consumidoras y hacen posible un calzado que re\u00fana ambas cualidades: estilo y confort.&nbsp;<\/p>\n\n\n\n<p>Tanto tiempo deseando que llegara el buen tiempo para poder lucir nuestras sandalias favoritas y, por fin, ha llegado el momento. En la nueva colecci\u00f3n de Amarpies puedes encontrar sandalias cu\u00f1a s\u00faper elegantes y estilosas que adem\u00e1s de ser super favorecedoras, te aportar\u00e1n el m\u00e1ximo confort.<\/p>\n\n\n\n<figure class=\"wp-block-image size-full\"><img loading=\"lazy\" width=\"1791\" height=\"2560\" src=\"https:\/\/www.amarpies.com\/blog\/wp-content\/uploads\/2023\/08\/ANNE-AMARPIES-SS23-07-XL-scaled.jpg\" alt=\"\" class=\"wp-image-409\" srcset=\"https:\/\/www.amarpies.com\/blog\/wp-content\/uploads\/2023\/08\/ANNE-AMARPIES-SS23-07-XL-scaled.jpg 1791w, https:\/\/www.amarpies.com\/blog\/wp-content\/uploads\/2023\/08\/ANNE-AMARPIES-SS23-07-XL-210x300.jpg 210w, https:\/\/www.amarpies.com\/blog\/wp-content\/uploads\/2023\/08\/ANNE-AMARPIES-SS23-07-XL-716x1024.jpg 716w, https:\/\/www.amarpies.com\/blog\/wp-content\/uploads\/2023\/08\/ANNE-AMARPIES-SS23-07-XL-768x1098.jpg 768w\" sizes=\"(max-width: 1791px) 100vw, 1791px\" \/><\/figure>\n\n\n\n<p><br>Y es que las sandalias de cu\u00f1a de Amarpies son las sandalias m\u00e1s c\u00f3modas que puedes tener en tu armario esta temporada gracias a su suela light extra ligera, su altura media y su tecnolog\u00eda incorporada Comfort Point que distribuye las presiones de forma efectiva. Adem\u00e1s, est\u00e1n confeccionadas un material transpirable, blando y flexible, que se adapta de maravilla a la forma del pie.<\/p>\n\n\n\n<p><br>Si est\u00e1s buscando sandalias cu\u00f1a bonitas, con personalidad, y por encima de todo confortables, Amarpies ha dise\u00f1ado para ti lo que necesitas. \u00a1No esperes m\u00e1s para llevarte a casa un calzado verdaderamente c\u00f3modo con el que lucir impecable como Anne Igartiburu! Encuentra la nueva colecci\u00f3n de sandalias cu\u00f1a de Amarpies en tu zapater\u00eda m\u00e1s cercana.<\/p>\n\n\n\n<p><br>Amarpies es experto en la fabricaci\u00f3n de calzado confortable desde hace m\u00e1s de 15 a\u00f1os, por eso pone a nuestro alcance una inmejorable selecci\u00f3n de modelos para caminar a gusto de verdad. Su calzado se caracteriza por adaptarse a la forma natural del pie proporcionando descanso y una libertad de movimiento inigualables.&nbsp;<\/p>\n\n\n\n<figure class=\"wp-block-image size-large\"><img loading=\"lazy\" width=\"1024\" height=\"925\" src=\"https:\/\/www.amarpies.com\/blog\/wp-content\/uploads\/2023\/08\/ANNE-AMARPIES-SS23-09-1024x925.jpg\" alt=\"\" class=\"wp-image-414\" srcset=\"https:\/\/www.amarpies.com\/blog\/wp-content\/uploads\/2023\/08\/ANNE-AMARPIES-SS23-09-1024x925.jpg 1024w, https:\/\/www.amarpies.com\/blog\/wp-content\/uploads\/2023\/08\/ANNE-AMARPIES-SS23-09-300x271.jpg 300w, https:\/\/www.amarpies.com\/blog\/wp-content\/uploads\/2023\/08\/ANNE-AMARPIES-SS23-09-768x694.jpg 768w\" sizes=\"(max-width: 1024px) 100vw, 1024px\" \/><\/figure>\n","protected":false},"excerpt":{"rendered":"<p>Con la llegada de las temperaturas c\u00e1lidas, las sandalias sin duda se convierten en nuestras mejores aliadas para lucir con todo tipo de estilismos, y si son con cu\u00f1a mucho mejor porque re\u00fanen confort y elegancia.&nbsp;Y es que no hay zapato comparable a las cu\u00f1as, aportan todo lo bueno de unos zapatos de tac\u00f3n, estilizando &#8230; <\/p>\n<p class=\"read-more-container\"><a title=\"Estas son las sandalias cu\u00f1a c\u00f3modas y bonitas de Amarpies para llevar este verano\" class=\"read-more button\" href=\"https:\/\/www.amarpies.com\/blog\/estas-son-las-sandalias-cuna-comodas-y-bonitas-de-amarpies-para-llevar-este-verano\/#more-405\" aria-label=\"M\u00e1s en Estas son las sandalias cu\u00f1a c\u00f3modas y bonitas de Amarpies para llevar este verano\">Leer m\u00e1s<\/a><\/p>\n","protected":false},"author":2,"featured_media":406,"comment_status":"open","ping_status":"closed","sticky":false,"template":"","format":"standard","meta":[],"categories":[1],"tags":[],"yoast_head":"<!-- This site is optimized with the Yoast SEO plugin v17.2.1 - https:\/\/yoast.com\/wordpress\/plugins\/seo\/ -->\n<title>Sandalias cu\u00f1a c\u00f3modas y bonitas de Amarpies para llevar este verano<\/title>\n<meta name=\"robots\" content=\"index, follow, max-snippet:-1, max-image-preview:large, max-video-preview:-1\" \/>\n<link rel=\"canonical\" href=\"https:\/\/www.amarpies.com\/blog\/estas-son-las-sandalias-cuna-comodas-y-bonitas-de-amarpies-para-llevar-este-verano\/\" \/>\n<meta property=\"og:locale\" content=\"es_ES\" \/>\n<meta property=\"og:type\" content=\"article\" \/>\n<meta property=\"og:title\" content=\"Sandalias cu\u00f1a c\u00f3modas y bonitas de Amarpies para llevar este verano\" \/>\n<meta property=\"og:description\" content=\"Con la llegada de las temperaturas c\u00e1lidas, las sandalias sin duda se convierten en nuestras mejores aliadas para lucir con todo tipo de estilismos, y si son con cu\u00f1a mucho mejor porque re\u00fanen confort y elegancia.&nbsp;Y es que no hay zapato comparable a las cu\u00f1as, aportan todo lo bueno de unos zapatos de tac\u00f3n, estilizando ... Leer m\u00e1s\" \/>\n<meta property=\"og:url\" content=\"https:\/\/www.amarpies.com\/blog\/estas-son-las-sandalias-cuna-comodas-y-bonitas-de-amarpies-para-llevar-este-verano\/\" \/>\n<meta property=\"og:site_name\" content=\"Amarpies\" \/>\n<meta property=\"article:published_time\" content=\"2023-06-15T10:05:00+00:00\" \/>\n<meta property=\"article:modified_time\" content=\"2023-08-03T14:22:15+00:00\" \/>\n<meta property=\"og:image\" content=\"https:\/\/www.amarpies.com\/blog\/wp-content\/uploads\/2023\/08\/ANNE-AMARPIES-SS23-03-bis-scaled.jpg\" \/>\n\t<meta property=\"og:image:width\" content=\"1880\" \/>\n\t<meta property=\"og:image:height\" content=\"2560\" \/>\n<meta name=\"twitter:card\" content=\"summary_large_image\" \/>\n<meta name=\"twitter:label1\" content=\"Escrito por\" \/>\n\t<meta name=\"twitter:data1\" content=\"Estela Saura\" \/>\n\t<meta name=\"twitter:label2\" content=\"Tiempo de lectura\" \/>\n\t<meta name=\"twitter:data2\" content=\"2 minutos\" \/>\n<script type=\"application\/ld+json\" class=\"yoast-schema-graph\">{\"@context\":\"https:\/\/schema.org\",\"@graph\":[{\"@type\":\"WebSite\",\"@id\":\"https:\/\/www.amarpies.com\/blog\/#website\",\"url\":\"https:\/\/www.amarpies.com\/blog\/\",\"name\":\"Amarpies\",\"description\":\"Calzado C\\u00f3modo\",\"potentialAction\":[{\"@type\":\"SearchAction\",\"target\":{\"@type\":\"EntryPoint\",\"urlTemplate\":\"https:\/\/www.amarpies.com\/blog\/?s={search_term_string}\"},\"query-input\":\"required name=search_term_string\"}],\"inLanguage\":\"es\"},{\"@type\":\"ImageObject\",\"@id\":\"https:\/\/www.amarpies.com\/blog\/estas-son-las-sandalias-cuna-comodas-y-bonitas-de-amarpies-para-llevar-este-verano\/#primaryimage\",\"inLanguage\":\"es\",\"url\":\"https:\/\/www.amarpies.com\/blog\/wp-content\/uploads\/2023\/08\/ANNE-AMARPIES-SS23-03-bis-scaled.jpg\",\"contentUrl\":\"https:\/\/www.amarpies.com\/blog\/wp-content\/uploads\/2023\/08\/ANNE-AMARPIES-SS23-03-bis-scaled.jpg\",\"width\":1880,\"height\":2560},{\"@type\":\"WebPage\",\"@id\":\"https:\/\/www.amarpies.com\/blog\/estas-son-las-sandalias-cuna-comodas-y-bonitas-de-amarpies-para-llevar-este-verano\/#webpage\",\"url\":\"https:\/\/www.amarpies.com\/blog\/estas-son-las-sandalias-cuna-comodas-y-bonitas-de-amarpies-para-llevar-este-verano\/\",\"name\":\"Sandalias cu\\u00f1a c\\u00f3modas y bonitas de Amarpies para llevar este verano\",\"isPartOf\":{\"@id\":\"https:\/\/www.amarpies.com\/blog\/#website\"},\"primaryImageOfPage\":{\"@id\":\"https:\/\/www.amarpies.com\/blog\/estas-son-las-sandalias-cuna-comodas-y-bonitas-de-amarpies-para-llevar-este-verano\/#primaryimage\"},\"datePublished\":\"2023-06-15T10:05:00+00:00\",\"dateModified\":\"2023-08-03T14:22:15+00:00\",\"author\":{\"@id\":\"https:\/\/www.amarpies.com\/blog\/#\/schema\/person\/7310ee35d664636f5ae062d4a7ea1f46\"},\"breadcrumb\":{\"@id\":\"https:\/\/www.amarpies.com\/blog\/estas-son-las-sandalias-cuna-comodas-y-bonitas-de-amarpies-para-llevar-este-verano\/#breadcrumb\"},\"inLanguage\":\"es\",\"potentialAction\":[{\"@type\":\"ReadAction\",\"target\":[\"https:\/\/www.amarpies.com\/blog\/estas-son-las-sandalias-cuna-comodas-y-bonitas-de-amarpies-para-llevar-este-verano\/\"]}]},{\"@type\":\"BreadcrumbList\",\"@id\":\"https:\/\/www.amarpies.com\/blog\/estas-son-las-sandalias-cuna-comodas-y-bonitas-de-amarpies-para-llevar-este-verano\/#breadcrumb\",\"itemListElement\":[{\"@type\":\"ListItem\",\"position\":1,\"name\":\"Portada\",\"item\":\"https:\/\/www.amarpies.com\/blog\/\"},{\"@type\":\"ListItem\",\"position\":2,\"name\":\"Estas son las sandalias cu\\u00f1a c\\u00f3modas y bonitas de Amarpies para llevar este verano\"}]},{\"@type\":\"Person\",\"@id\":\"https:\/\/www.amarpies.com\/blog\/#\/schema\/person\/7310ee35d664636f5ae062d4a7ea1f46\",\"name\":\"Estela Saura\",\"image\":{\"@type\":\"ImageObject\",\"@id\":\"https:\/\/www.amarpies.com\/blog\/#personlogo\",\"inLanguage\":\"es\",\"url\":\"https:\/\/secure.gravatar.com\/avatar\/339109cacc67a192bd4c0a03b267acb6?s=96&d=mm&r=g\",\"contentUrl\":\"https:\/\/secure.gravatar.com\/avatar\/339109cacc67a192bd4c0a03b267acb6?s=96&d=mm&r=g\",\"caption\":\"Estela Saura\"},\"url\":\"https:\/\/www.amarpies.com\/blog\/author\/estela\/\"}]}<\/script>\n<!-- \/ Yoast SEO plugin. -->","yoast_head_json":{"title":"Sandalias cu\u00f1a c\u00f3modas y bonitas de Amarpies para llevar este verano","robots":{"index":"index","follow":"follow","max-snippet":"max-snippet:-1","max-image-preview":"max-image-preview:large","max-video-preview":"max-video-preview:-1"},"canonical":"https:\/\/www.amarpies.com\/blog\/estas-son-las-sandalias-cuna-comodas-y-bonitas-de-amarpies-para-llevar-este-verano\/","og_locale":"es_ES","og_type":"article","og_title":"Sandalias cu\u00f1a c\u00f3modas y bonitas de Amarpies para llevar este verano","og_description":"Con la llegada de las temperaturas c\u00e1lidas, las sandalias sin duda se convierten en nuestras mejores aliadas para lucir con todo tipo de estilismos, y si son con cu\u00f1a mucho mejor porque re\u00fanen confort y elegancia.&nbsp;Y es que no hay zapato comparable a las cu\u00f1as, aportan todo lo bueno de unos zapatos de tac\u00f3n, estilizando ... Leer m\u00e1s","og_url":"https:\/\/www.amarpies.com\/blog\/estas-son-las-sandalias-cuna-comodas-y-bonitas-de-amarpies-para-llevar-este-verano\/","og_site_name":"Amarpies","article_published_time":"2023-06-15T10:05:00+00:00","article_modified_time":"2023-08-03T14:22:15+00:00","og_image":[{"width":1880,"height":2560,"url":"https:\/\/www.amarpies.com\/blog\/wp-content\/uploads\/2023\/08\/ANNE-AMARPIES-SS23-03-bis-scaled.jpg","path":"\/var\/www\/vhosts\/amarpies.com\/httpdocs\/blog\/wp-content\/uploads\/2023\/08\/ANNE-AMARPIES-SS23-03-bis-scaled.jpg","size":"full","id":406,"alt":"","pixels":4812800,"type":"image\/jpeg"}],"twitter_card":"summary_large_image","twitter_misc":{"Escrito por":"Estela Saura","Tiempo de lectura":"2 minutos"},"schema":{"@context":"https:\/\/schema.org","@graph":[{"@type":"WebSite","@id":"https:\/\/www.amarpies.com\/blog\/#website","url":"https:\/\/www.amarpies.com\/blog\/","name":"Amarpies","description":"Calzado C\u00f3modo","potentialAction":[{"@type":"SearchAction","target":{"@type":"EntryPoint","urlTemplate":"https:\/\/www.amarpies.com\/blog\/?s={search_term_string}"},"query-input":"required name=search_term_string"}],"inLanguage":"es"},{"@type":"ImageObject","@id":"https:\/\/www.amarpies.com\/blog\/estas-son-las-sandalias-cuna-comodas-y-bonitas-de-amarpies-para-llevar-este-verano\/#primaryimage","inLanguage":"es","url":"https:\/\/www.amarpies.com\/blog\/wp-content\/uploads\/2023\/08\/ANNE-AMARPIES-SS23-03-bis-scaled.jpg","contentUrl":"https:\/\/www.amarpies.com\/blog\/wp-content\/uploads\/2023\/08\/ANNE-AMARPIES-SS23-03-bis-scaled.jpg","width":1880,"height":2560},{"@type":"WebPage","@id":"https:\/\/www.amarpies.com\/blog\/estas-son-las-sandalias-cuna-comodas-y-bonitas-de-amarpies-para-llevar-este-verano\/#webpage","url":"https:\/\/www.amarpies.com\/blog\/estas-son-las-sandalias-cuna-comodas-y-bonitas-de-amarpies-para-llevar-este-verano\/","name":"Sandalias cu\u00f1a c\u00f3modas y bonitas de Amarpies para llevar este verano","isPartOf":{"@id":"https:\/\/www.amarpies.com\/blog\/#website"},"primaryImageOfPage":{"@id":"https:\/\/www.amarpies.com\/blog\/estas-son-las-sandalias-cuna-comodas-y-bonitas-de-amarpies-para-llevar-este-verano\/#primaryimage"},"datePublished":"2023-06-15T10:05:00+00:00","dateModified":"2023-08-03T14:22:15+00:00","author":{"@id":"https:\/\/www.amarpies.com\/blog\/#\/schema\/person\/7310ee35d664636f5ae062d4a7ea1f46"},"breadcrumb":{"@id":"https:\/\/www.amarpies.com\/blog\/estas-son-las-sandalias-cuna-comodas-y-bonitas-de-amarpies-para-llevar-este-verano\/#breadcrumb"},"inLanguage":"es","potentialAction":[{"@type":"ReadAction","target":["https:\/\/www.amarpies.com\/blog\/estas-son-las-sandalias-cuna-comodas-y-bonitas-de-amarpies-para-llevar-este-verano\/"]}]},{"@type":"BreadcrumbList","@id":"https:\/\/www.amarpies.com\/blog\/estas-son-las-sandalias-cuna-comodas-y-bonitas-de-amarpies-para-llevar-este-verano\/#breadcrumb","itemListElement":[{"@type":"ListItem","position":1,"name":"Portada","item":"https:\/\/www.amarpies.com\/blog\/"},{"@type":"ListItem","position":2,"name":"Estas son las sandalias cu\u00f1a c\u00f3modas y bonitas de Amarpies para llevar este verano"}]},{"@type":"Person","@id":"https:\/\/www.amarpies.com\/blog\/#\/schema\/person\/7310ee35d664636f5ae062d4a7ea1f46","name":"Estela Saura","image":{"@type":"ImageObject","@id":"https:\/\/www.amarpies.com\/blog\/#personlogo","inLanguage":"es","url":"https:\/\/secure.gravatar.com\/avatar\/339109cacc67a192bd4c0a03b267acb6?s=96&d=mm&r=g","contentUrl":"https:\/\/secure.gravatar.com\/avatar\/339109cacc67a192bd4c0a03b267acb6?s=96&d=mm&r=g","caption":"Estela Saura"},"url":"https:\/\/www.amarpies.com\/blog\/author\/estela\/"}]}},"_links":{"self":[{"href":"https:\/\/www.amarpies.com\/blog\/wp-json\/wp\/v2\/posts\/405"}],"collection":[{"href":"https:\/\/www.amarpies.com\/blog\/wp-json\/wp\/v2\/posts"}],"about":[{"href":"https:\/\/www.amarpies.com\/blog\/wp-json\/wp\/v2\/types\/post"}],"author":[{"embeddable":true,"href":"https:\/\/www.amarpies.com\/blog\/wp-json\/wp\/v2\/users\/2"}],"replies":[{"embeddable":true,"href":"https:\/\/www.amarpies.com\/blog\/wp-json\/wp\/v2\/comments?post=405"}],"version-history":[{"count":6,"href":"https:\/\/www.amarpies.com\/blog\/wp-json\/wp\/v2\/posts\/405\/revisions"}],"predecessor-version":[{"id":419,"href":"https:\/\/www.amarpies.com\/blog\/wp-json\/wp\/v2\/posts\/405\/revisions\/419"}],"wp:featuredmedia":[{"embeddable":true,"href":"https:\/\/www.amarpies.com\/blog\/wp-json\/wp\/v2\/media\/406"}],"wp:attachment":[{"href":"https:\/\/www.amarpies.com\/blog\/wp-json\/wp\/v2\/media?parent=405"}],"wp:term":[{"taxonomy":"category","embeddable":true,"href":"https:\/\/www.amarpies.com\/blog\/wp-json\/wp\/v2\/categories?post=405"},{"taxonomy":"post_tag","embeddable":true,"href":"https:\/\/www.amarpies.com\/blog\/wp-json\/wp\/v2\/tags?post=405"}],"curies":[{"name":"wp","href":"https:\/\/api.w.org\/{rel}","templated":true}]}}