
{"id":376,"date":"2023-03-02T08:49:00","date_gmt":"2023-03-02T07:49:00","guid":{"rendered":"https:\/\/www.amarpies.com\/blog\/?p=376"},"modified":"2023-03-08T08:56:28","modified_gmt":"2023-03-08T07:56:28","slug":"anne-igartiburu-nueva-imagen-de-amarpies","status":"publish","type":"post","link":"https:\/\/www.amarpies.com\/blog\/anne-igartiburu-nueva-imagen-de-amarpies\/","title":{"rendered":"Anne Igartiburu, nueva imagen de Amarpies"},"content":{"rendered":"\n<p>Anne Igartiburu es la nueva cara de Amarpies. La popular presentadora ha sido elegida como protagonista de la campa\u00f1a \u00abMis zapatos para andar c\u00f3moda\u201d, que por su imagen y personalidad es la persona id\u00f3nea para acercar los valores y filosof\u00eda de la marca Amarpies al gran p\u00fablico. Anne es conocida en el pa\u00eds por ser una de las caras m\u00e1s famosas de la televisi\u00f3n nacional. Ha sido actriz en varias series y pel\u00edculas, pero destaca su amplia trayectoria al frente de programas de televisi\u00f3n como Coraz\u00f3n, \u00a1Mira qui\u00e9n baila! y Eurovisi\u00f3n, entre otros.<\/p>\n\n\n\n<p>En palabras de los directivos de la marca: \u201cAnne es una mujer positiva, determinada y carism\u00e1tica. Un ejemplo de constancia y trabajo duro, y una gran amante de la moda. Por su estilo, profesionalidad y excelente credibilidad es la perfecta prescriptora de Amarpies. Estamos muy contentos de que Anne que sea nuestra imagen en esta nueva etapa que con mucha ilusi\u00f3n iniciamos en Amarpies\u201d.<\/p>\n\n\n\n<p>Anne Igartiburu elige Amarpies porque sabe lo que quiere: ir confortable y a la moda. La popular presentadora lo tiene claro, a la hora de elegir un zapato este tiene que ser c\u00f3modo, pr\u00e1ctico, sofisticado y bonito. Por eso, no lo duda, y cuando tiene que andar c\u00f3moda y lucir impecable escoge Amarpies. \u00bfQui\u00e9n dijo que moda y confort est\u00e1n re\u00f1idos? Amarpies ha hecho realidad esta combinaci\u00f3n perfecta en su calzado.&nbsp;&nbsp;&nbsp;<\/p>\n\n\n\n<p>Cada par de Amarpies est\u00e1 dise\u00f1ado ergon\u00f3micamente con hormas amplias que se adaptan a los pies con un ajuste perfecto, sin oprimirlos. Est\u00e1n fabricados con materiales y componentes de \u00faltima generaci\u00f3n, transpirables, suaves, y ligeros. Adem\u00e1s, incorpora plantillas anat\u00f3micas y flexibles suelas con innovadoras tecnolog\u00edas para proporcionar la amortiguaci\u00f3n y estabilidad que necesitamos a diario. Otra caracter\u00edstica \u00fanica del calzado de Amarpies es que incluye la tecnolog\u00eda Comfort Point que absorbe y distribuye las presiones en la zona del tal\u00f3n para que disfrutemos del bienestar a cada paso.&nbsp;<\/p>\n\n\n\n<p>Amarpies es experto en la fabricaci\u00f3n de calzado confortable desde hace m\u00e1s de 15 a\u00f1os, por eso pone a nuestro alcance una inmejorable selecci\u00f3n de modelos para caminar a gusto de verdad. Su calzado se caracteriza por adaptarse a la forma natural del pie proporcionando descanso y una libertad de movimiento inigualables.<\/p>\n\n\n\n<p>En su nueva colecci\u00f3n primavera-verano podemos encontrar gran variedad de modelos super c\u00f3modos, femeninos, y de \u00faltima moda, perfectos para ir al trabajo, salir a pasear, ir de compras o lucir perfecta en ocasiones especiales. Esta temporada las sneakers y las sandalias planas y con cu\u00f1a son los estilos estrella,&nbsp;<a href=\"https:\/\/www.amarpies.com\/contactenos\" class=\"\">modelos ya disponibles en las mejores zapater\u00edas<\/a>.<\/p>\n","protected":false},"excerpt":{"rendered":"<p>Anne Igartiburu es la nueva cara de Amarpies. La popular presentadora ha sido elegida como protagonista de la campa\u00f1a \u00abMis zapatos para andar c\u00f3moda\u201d, que por su imagen y personalidad es la persona id\u00f3nea para acercar los valores y filosof\u00eda de la marca Amarpies al gran p\u00fablico. Anne es conocida en el pa\u00eds por ser &#8230; <\/p>\n<p class=\"read-more-container\"><a title=\"Anne Igartiburu, nueva imagen de Amarpies\" class=\"read-more button\" href=\"https:\/\/www.amarpies.com\/blog\/anne-igartiburu-nueva-imagen-de-amarpies\/#more-376\" aria-label=\"M\u00e1s en Anne Igartiburu, nueva imagen de Amarpies\">Leer m\u00e1s<\/a><\/p>\n","protected":false},"author":1,"featured_media":380,"comment_status":"open","ping_status":"closed","sticky":false,"template":"","format":"standard","meta":[],"categories":[1],"tags":[],"yoast_head":"<!-- This site is optimized with the Yoast SEO plugin v17.2.1 - https:\/\/yoast.com\/wordpress\/plugins\/seo\/ -->\n<title>Anne Igartiburu, nueva imagen de Amarpies - Amarpies<\/title>\n<meta name=\"robots\" content=\"index, follow, max-snippet:-1, max-image-preview:large, max-video-preview:-1\" \/>\n<link rel=\"canonical\" href=\"https:\/\/www.amarpies.com\/blog\/anne-igartiburu-nueva-imagen-de-amarpies\/\" \/>\n<meta property=\"og:locale\" content=\"es_ES\" \/>\n<meta property=\"og:type\" content=\"article\" \/>\n<meta property=\"og:title\" content=\"Anne Igartiburu, nueva imagen de Amarpies - Amarpies\" \/>\n<meta property=\"og:description\" content=\"Anne Igartiburu es la nueva cara de Amarpies. La popular presentadora ha sido elegida como protagonista de la campa\u00f1a \u00abMis zapatos para andar c\u00f3moda\u201d, que por su imagen y personalidad es la persona id\u00f3nea para acercar los valores y filosof\u00eda de la marca Amarpies al gran p\u00fablico. Anne es conocida en el pa\u00eds por ser ... Leer m\u00e1s\" \/>\n<meta property=\"og:url\" content=\"https:\/\/www.amarpies.com\/blog\/anne-igartiburu-nueva-imagen-de-amarpies\/\" \/>\n<meta property=\"og:site_name\" content=\"Amarpies\" \/>\n<meta property=\"article:published_time\" content=\"2023-03-02T07:49:00+00:00\" \/>\n<meta property=\"article:modified_time\" content=\"2023-03-08T07:56:28+00:00\" \/>\n<meta property=\"og:image\" content=\"https:\/\/www.amarpies.com\/blog\/wp-content\/uploads\/2023\/03\/ANNE-AMARPIES-SS23-02-XL-1.jpeg\" \/>\n\t<meta property=\"og:image:width\" content=\"960\" \/>\n\t<meta property=\"og:image:height\" content=\"1098\" \/>\n<meta name=\"twitter:card\" content=\"summary_large_image\" \/>\n<meta name=\"twitter:label1\" content=\"Escrito por\" \/>\n\t<meta name=\"twitter:data1\" content=\"david\" \/>\n\t<meta name=\"twitter:label2\" content=\"Tiempo de lectura\" \/>\n\t<meta name=\"twitter:data2\" content=\"2 minutos\" \/>\n<script type=\"application\/ld+json\" class=\"yoast-schema-graph\">{\"@context\":\"https:\/\/schema.org\",\"@graph\":[{\"@type\":\"WebSite\",\"@id\":\"https:\/\/www.amarpies.com\/blog\/#website\",\"url\":\"https:\/\/www.amarpies.com\/blog\/\",\"name\":\"Amarpies\",\"description\":\"Calzado C\\u00f3modo\",\"potentialAction\":[{\"@type\":\"SearchAction\",\"target\":{\"@type\":\"EntryPoint\",\"urlTemplate\":\"https:\/\/www.amarpies.com\/blog\/?s={search_term_string}\"},\"query-input\":\"required name=search_term_string\"}],\"inLanguage\":\"es\"},{\"@type\":\"ImageObject\",\"@id\":\"https:\/\/www.amarpies.com\/blog\/anne-igartiburu-nueva-imagen-de-amarpies\/#primaryimage\",\"inLanguage\":\"es\",\"url\":\"https:\/\/www.amarpies.com\/blog\/wp-content\/uploads\/2023\/03\/ANNE-AMARPIES-SS23-02-XL-1.jpeg\",\"contentUrl\":\"https:\/\/www.amarpies.com\/blog\/wp-content\/uploads\/2023\/03\/ANNE-AMARPIES-SS23-02-XL-1.jpeg\",\"width\":960,\"height\":1098},{\"@type\":\"WebPage\",\"@id\":\"https:\/\/www.amarpies.com\/blog\/anne-igartiburu-nueva-imagen-de-amarpies\/#webpage\",\"url\":\"https:\/\/www.amarpies.com\/blog\/anne-igartiburu-nueva-imagen-de-amarpies\/\",\"name\":\"Anne Igartiburu, nueva imagen de Amarpies - Amarpies\",\"isPartOf\":{\"@id\":\"https:\/\/www.amarpies.com\/blog\/#website\"},\"primaryImageOfPage\":{\"@id\":\"https:\/\/www.amarpies.com\/blog\/anne-igartiburu-nueva-imagen-de-amarpies\/#primaryimage\"},\"datePublished\":\"2023-03-02T07:49:00+00:00\",\"dateModified\":\"2023-03-08T07:56:28+00:00\",\"author\":{\"@id\":\"https:\/\/www.amarpies.com\/blog\/#\/schema\/person\/5673c208a2be4005e0fb3b9dd91715c4\"},\"breadcrumb\":{\"@id\":\"https:\/\/www.amarpies.com\/blog\/anne-igartiburu-nueva-imagen-de-amarpies\/#breadcrumb\"},\"inLanguage\":\"es\",\"potentialAction\":[{\"@type\":\"ReadAction\",\"target\":[\"https:\/\/www.amarpies.com\/blog\/anne-igartiburu-nueva-imagen-de-amarpies\/\"]}]},{\"@type\":\"BreadcrumbList\",\"@id\":\"https:\/\/www.amarpies.com\/blog\/anne-igartiburu-nueva-imagen-de-amarpies\/#breadcrumb\",\"itemListElement\":[{\"@type\":\"ListItem\",\"position\":1,\"name\":\"Portada\",\"item\":\"https:\/\/www.amarpies.com\/blog\/\"},{\"@type\":\"ListItem\",\"position\":2,\"name\":\"Anne Igartiburu, nueva imagen de Amarpies\"}]},{\"@type\":\"Person\",\"@id\":\"https:\/\/www.amarpies.com\/blog\/#\/schema\/person\/5673c208a2be4005e0fb3b9dd91715c4\",\"name\":\"david\",\"image\":{\"@type\":\"ImageObject\",\"@id\":\"https:\/\/www.amarpies.com\/blog\/#personlogo\",\"inLanguage\":\"es\",\"url\":\"https:\/\/secure.gravatar.com\/avatar\/68df0ca1d43f83f2e2233ef4583f5fab?s=96&d=mm&r=g\",\"contentUrl\":\"https:\/\/secure.gravatar.com\/avatar\/68df0ca1d43f83f2e2233ef4583f5fab?s=96&d=mm&r=g\",\"caption\":\"david\"},\"url\":\"https:\/\/www.amarpies.com\/blog\/author\/david\/\"}]}<\/script>\n<!-- \/ Yoast SEO plugin. -->","yoast_head_json":{"title":"Anne Igartiburu, nueva imagen de Amarpies - Amarpies","robots":{"index":"index","follow":"follow","max-snippet":"max-snippet:-1","max-image-preview":"max-image-preview:large","max-video-preview":"max-video-preview:-1"},"canonical":"https:\/\/www.amarpies.com\/blog\/anne-igartiburu-nueva-imagen-de-amarpies\/","og_locale":"es_ES","og_type":"article","og_title":"Anne Igartiburu, nueva imagen de Amarpies - Amarpies","og_description":"Anne Igartiburu es la nueva cara de Amarpies. La popular presentadora ha sido elegida como protagonista de la campa\u00f1a \u00abMis zapatos para andar c\u00f3moda\u201d, que por su imagen y personalidad es la persona id\u00f3nea para acercar los valores y filosof\u00eda de la marca Amarpies al gran p\u00fablico. Anne es conocida en el pa\u00eds por ser ... Leer m\u00e1s","og_url":"https:\/\/www.amarpies.com\/blog\/anne-igartiburu-nueva-imagen-de-amarpies\/","og_site_name":"Amarpies","article_published_time":"2023-03-02T07:49:00+00:00","article_modified_time":"2023-03-08T07:56:28+00:00","og_image":[{"width":960,"height":1098,"url":"https:\/\/www.amarpies.com\/blog\/wp-content\/uploads\/2023\/03\/ANNE-AMARPIES-SS23-02-XL-1.jpeg","path":"\/var\/www\/vhosts\/amarpies.com\/httpdocs\/blog\/wp-content\/uploads\/2023\/03\/ANNE-AMARPIES-SS23-02-XL-1.jpeg","size":"full","id":380,"alt":"","pixels":1054080,"type":"image\/jpeg"}],"twitter_card":"summary_large_image","twitter_misc":{"Escrito por":"david","Tiempo de lectura":"2 minutos"},"schema":{"@context":"https:\/\/schema.org","@graph":[{"@type":"WebSite","@id":"https:\/\/www.amarpies.com\/blog\/#website","url":"https:\/\/www.amarpies.com\/blog\/","name":"Amarpies","description":"Calzado C\u00f3modo","potentialAction":[{"@type":"SearchAction","target":{"@type":"EntryPoint","urlTemplate":"https:\/\/www.amarpies.com\/blog\/?s={search_term_string}"},"query-input":"required name=search_term_string"}],"inLanguage":"es"},{"@type":"ImageObject","@id":"https:\/\/www.amarpies.com\/blog\/anne-igartiburu-nueva-imagen-de-amarpies\/#primaryimage","inLanguage":"es","url":"https:\/\/www.amarpies.com\/blog\/wp-content\/uploads\/2023\/03\/ANNE-AMARPIES-SS23-02-XL-1.jpeg","contentUrl":"https:\/\/www.amarpies.com\/blog\/wp-content\/uploads\/2023\/03\/ANNE-AMARPIES-SS23-02-XL-1.jpeg","width":960,"height":1098},{"@type":"WebPage","@id":"https:\/\/www.amarpies.com\/blog\/anne-igartiburu-nueva-imagen-de-amarpies\/#webpage","url":"https:\/\/www.amarpies.com\/blog\/anne-igartiburu-nueva-imagen-de-amarpies\/","name":"Anne Igartiburu, nueva imagen de Amarpies - Amarpies","isPartOf":{"@id":"https:\/\/www.amarpies.com\/blog\/#website"},"primaryImageOfPage":{"@id":"https:\/\/www.amarpies.com\/blog\/anne-igartiburu-nueva-imagen-de-amarpies\/#primaryimage"},"datePublished":"2023-03-02T07:49:00+00:00","dateModified":"2023-03-08T07:56:28+00:00","author":{"@id":"https:\/\/www.amarpies.com\/blog\/#\/schema\/person\/5673c208a2be4005e0fb3b9dd91715c4"},"breadcrumb":{"@id":"https:\/\/www.amarpies.com\/blog\/anne-igartiburu-nueva-imagen-de-amarpies\/#breadcrumb"},"inLanguage":"es","potentialAction":[{"@type":"ReadAction","target":["https:\/\/www.amarpies.com\/blog\/anne-igartiburu-nueva-imagen-de-amarpies\/"]}]},{"@type":"BreadcrumbList","@id":"https:\/\/www.amarpies.com\/blog\/anne-igartiburu-nueva-imagen-de-amarpies\/#breadcrumb","itemListElement":[{"@type":"ListItem","position":1,"name":"Portada","item":"https:\/\/www.amarpies.com\/blog\/"},{"@type":"ListItem","position":2,"name":"Anne Igartiburu, nueva imagen de Amarpies"}]},{"@type":"Person","@id":"https:\/\/www.amarpies.com\/blog\/#\/schema\/person\/5673c208a2be4005e0fb3b9dd91715c4","name":"david","image":{"@type":"ImageObject","@id":"https:\/\/www.amarpies.com\/blog\/#personlogo","inLanguage":"es","url":"https:\/\/secure.gravatar.com\/avatar\/68df0ca1d43f83f2e2233ef4583f5fab?s=96&d=mm&r=g","contentUrl":"https:\/\/secure.gravatar.com\/avatar\/68df0ca1d43f83f2e2233ef4583f5fab?s=96&d=mm&r=g","caption":"david"},"url":"https:\/\/www.amarpies.com\/blog\/author\/david\/"}]}},"_links":{"self":[{"href":"https:\/\/www.amarpies.com\/blog\/wp-json\/wp\/v2\/posts\/376"}],"collection":[{"href":"https:\/\/www.amarpies.com\/blog\/wp-json\/wp\/v2\/posts"}],"about":[{"href":"https:\/\/www.amarpies.com\/blog\/wp-json\/wp\/v2\/types\/post"}],"author":[{"embeddable":true,"href":"https:\/\/www.amarpies.com\/blog\/wp-json\/wp\/v2\/users\/1"}],"replies":[{"embeddable":true,"href":"https:\/\/www.amarpies.com\/blog\/wp-json\/wp\/v2\/comments?post=376"}],"version-history":[{"count":3,"href":"https:\/\/www.amarpies.com\/blog\/wp-json\/wp\/v2\/posts\/376\/revisions"}],"predecessor-version":[{"id":382,"href":"https:\/\/www.amarpies.com\/blog\/wp-json\/wp\/v2\/posts\/376\/revisions\/382"}],"wp:featuredmedia":[{"embeddable":true,"href":"https:\/\/www.amarpies.com\/blog\/wp-json\/wp\/v2\/media\/380"}],"wp:attachment":[{"href":"https:\/\/www.amarpies.com\/blog\/wp-json\/wp\/v2\/media?parent=376"}],"wp:term":[{"taxonomy":"category","embeddable":true,"href":"https:\/\/www.amarpies.com\/blog\/wp-json\/wp\/v2\/categories?post=376"},{"taxonomy":"post_tag","embeddable":true,"href":"https:\/\/www.amarpies.com\/blog\/wp-json\/wp\/v2\/tags?post=376"}],"curies":[{"name":"wp","href":"https:\/\/api.w.org\/{rel}","templated":true}]}}