
{"id":288,"date":"2021-04-26T12:30:00","date_gmt":"2021-04-26T10:30:00","guid":{"rendered":"https:\/\/www.amarpies.com\/blog\/?p=288"},"modified":"2021-04-27T12:44:46","modified_gmt":"2021-04-27T10:44:46","slug":"asi-es-la-nueva-coleccion-primavera-verano-2021-de-amarpies","status":"publish","type":"post","link":"https:\/\/www.amarpies.com\/blog\/asi-es-la-nueva-coleccion-primavera-verano-2021-de-amarpies\/","title":{"rendered":"As\u00ed es la nueva colecci\u00f3n primavera-verano 2021 de Amarpies"},"content":{"rendered":"\n<p>\u00a1Ya est\u00e1 aqu\u00ed la nueva colecci\u00f3n primavera-verano 2021 de Amarpies! Si te fascina el calzado confortable, sencillo y bonito nuestra nueva colecci\u00f3n sin duda te conquistar\u00e1. El calzado es el accesorio fundamental para marcar la diferencia en cualquier estilismo, por ello, si esta temporada quieres lucir guapa y c\u00f3moda, s\u00f3lo tienes que a\u00f1adir a tus looks unas sandalias Amarpies. \u00a1Dale un vistazo a nuestra colecci\u00f3n y elige el calzado que mejor se adapte a tu estilo!<\/p>\n\n\n\n<h2><strong>Descubre la nueva colecci\u00f3n de sandalias c\u00f3modas y bonitas de Amarpies<\/strong><\/h2>\n\n\n\n<p>Las <a href=\"https:\/\/www.amarpies.com\/sandalias-12\">sandalias Amarpies<\/a> cumplen con los criterios ergon\u00f3micos necesarios para caminar confortables, porque se adaptan a la forma del pie y al tipo de pisada. Incorporan hormas de ancho especial, suelas flexibles y plantillas anat\u00f3micas, por ello son el mejor aliado para todas aquellas mujeres con pies delicados que precisan de un calzado que les asegure descanso, libertad de movimiento y bienestar durante todo el d\u00eda. Nuestros zapatos est\u00e1n confeccionados en materiales suaves, flexibles y de primera calidad que limitan presiones y rozaduras. Cada par se fabrica poniendo m\u00e1xima atenci\u00f3n a cada costura y terminaci\u00f3n para garantizar unas sandalias excepcionales.<\/p>\n\n\n\n<figure class=\"wp-block-image size-large\"><img loading=\"lazy\" width=\"1024\" height=\"533\" src=\"https:\/\/www.amarpies.com\/blog\/wp-content\/uploads\/2021\/04\/8a90aa41db002e87484bdfb9523a457c01617580_amarpies-ss21-banner-web-03-1024x533.jpg\" alt=\"\" class=\"wp-image-289\" srcset=\"https:\/\/www.amarpies.com\/blog\/wp-content\/uploads\/2021\/04\/8a90aa41db002e87484bdfb9523a457c01617580_amarpies-ss21-banner-web-03-1024x533.jpg 1024w, https:\/\/www.amarpies.com\/blog\/wp-content\/uploads\/2021\/04\/8a90aa41db002e87484bdfb9523a457c01617580_amarpies-ss21-banner-web-03-300x156.jpg 300w, https:\/\/www.amarpies.com\/blog\/wp-content\/uploads\/2021\/04\/8a90aa41db002e87484bdfb9523a457c01617580_amarpies-ss21-banner-web-03-768x400.jpg 768w, https:\/\/www.amarpies.com\/blog\/wp-content\/uploads\/2021\/04\/8a90aa41db002e87484bdfb9523a457c01617580_amarpies-ss21-banner-web-03-1536x800.jpg 1536w, https:\/\/www.amarpies.com\/blog\/wp-content\/uploads\/2021\/04\/8a90aa41db002e87484bdfb9523a457c01617580_amarpies-ss21-banner-web-03.jpg 1920w\" sizes=\"(max-width: 1024px) 100vw, 1024px\" \/><\/figure>\n\n\n\n<h2><strong>Encuentra la nueva colecci\u00f3n primavera-verano 2021 de Amarpies en tu zapater\u00eda preferida<\/strong><\/h2>\n\n\n\n<p>La entrada de la primavera es el momento ideal para renovar nuestro calzado. Y es que a medida que llega el calor y hacemos el cambio de armario, lo que m\u00e1s deseamos es dejar a un lado el calzado cerrado y dar paso a modelos m\u00e1s ventilados que ofrezcan respiro a los pies. Y es que no hay calzado mejor para el verano que un buen par de sandalias, y en Amarpies podr\u00e1s encontrar sandalias verdaderamente c\u00f3modas y con un estilo actual. Elige entre nuestra gran variedad de sandalias de \u00faltima tendencia a precios irresistibles \u00a1No podr\u00e1s quedarte s\u00f3lo con unas! Descubre nuestra colecci\u00f3n primavera-verano 2021 en tu zapater\u00eda favorita.\u00a0<a href=\"https:\/\/www.amarpies.com\/contactenos\">Contacta<\/a> con nosotros\u00a0y te indicaremos tu punto de venta Amarpies m\u00e1s cercano<\/p>\n","protected":false},"excerpt":{"rendered":"<p>\u00a1Ya est\u00e1 aqu\u00ed la nueva colecci\u00f3n primavera-verano 2021 de Amarpies! Si te fascina el calzado confortable, sencillo y bonito nuestra nueva colecci\u00f3n sin duda te conquistar\u00e1. El calzado es el accesorio fundamental para marcar la diferencia en cualquier estilismo, por ello, si esta temporada quieres lucir guapa y c\u00f3moda, s\u00f3lo tienes que a\u00f1adir a tus &#8230; <\/p>\n<p class=\"read-more-container\"><a title=\"As\u00ed es la nueva colecci\u00f3n primavera-verano 2021 de Amarpies\" class=\"read-more button\" href=\"https:\/\/www.amarpies.com\/blog\/asi-es-la-nueva-coleccion-primavera-verano-2021-de-amarpies\/#more-288\" aria-label=\"M\u00e1s en As\u00ed es la nueva colecci\u00f3n primavera-verano 2021 de Amarpies\">Leer m\u00e1s<\/a><\/p>\n","protected":false},"author":1,"featured_media":290,"comment_status":"open","ping_status":"closed","sticky":false,"template":"","format":"standard","meta":[],"categories":[1],"tags":[],"yoast_head":"<!-- This site is optimized with the Yoast SEO plugin v17.2.1 - https:\/\/yoast.com\/wordpress\/plugins\/seo\/ -->\n<title>As\u00ed es la nueva colecci\u00f3n primavera-verano 2021 de Amarpies<\/title>\n<meta name=\"description\" content=\"\u00a1Ya est\u00e1 aqu\u00ed la nueva colecci\u00f3n primavera-verano 2021 de Amarpies! \u00a1Dale un vistazo y elige el calzado que mejor se adapte a tu estilo!\" \/>\n<meta name=\"robots\" content=\"index, follow, max-snippet:-1, max-image-preview:large, max-video-preview:-1\" \/>\n<link rel=\"canonical\" href=\"https:\/\/www.amarpies.com\/blog\/asi-es-la-nueva-coleccion-primavera-verano-2021-de-amarpies\/\" \/>\n<meta property=\"og:locale\" content=\"es_ES\" \/>\n<meta property=\"og:type\" content=\"article\" \/>\n<meta property=\"og:title\" content=\"As\u00ed es la nueva colecci\u00f3n primavera-verano 2021 de Amarpies\" \/>\n<meta property=\"og:description\" content=\"\u00a1Ya est\u00e1 aqu\u00ed la nueva colecci\u00f3n primavera-verano 2021 de Amarpies! \u00a1Dale un vistazo y elige el calzado que mejor se adapte a tu estilo!\" \/>\n<meta property=\"og:url\" content=\"https:\/\/www.amarpies.com\/blog\/asi-es-la-nueva-coleccion-primavera-verano-2021-de-amarpies\/\" \/>\n<meta property=\"og:site_name\" content=\"Amarpies\" \/>\n<meta property=\"article:published_time\" content=\"2021-04-26T10:30:00+00:00\" \/>\n<meta property=\"article:modified_time\" content=\"2021-04-27T10:44:46+00:00\" \/>\n<meta property=\"og:image\" content=\"https:\/\/www.amarpies.com\/blog\/wp-content\/uploads\/2021\/04\/7a34a91d9ea801e6f7ecb7c52a87230c2e29f37c_amarpies-ss21-banner-web-02.jpg\" \/>\n\t<meta property=\"og:image:width\" content=\"1920\" \/>\n\t<meta property=\"og:image:height\" content=\"1000\" \/>\n<meta name=\"twitter:card\" content=\"summary_large_image\" \/>\n<meta name=\"twitter:label1\" content=\"Escrito por\" \/>\n\t<meta name=\"twitter:data1\" content=\"david\" \/>\n\t<meta name=\"twitter:label2\" content=\"Tiempo de lectura\" \/>\n\t<meta name=\"twitter:data2\" content=\"2 minutos\" \/>\n<script type=\"application\/ld+json\" class=\"yoast-schema-graph\">{\"@context\":\"https:\/\/schema.org\",\"@graph\":[{\"@type\":\"WebSite\",\"@id\":\"https:\/\/www.amarpies.com\/blog\/#website\",\"url\":\"https:\/\/www.amarpies.com\/blog\/\",\"name\":\"Amarpies\",\"description\":\"Calzado C\\u00f3modo\",\"potentialAction\":[{\"@type\":\"SearchAction\",\"target\":{\"@type\":\"EntryPoint\",\"urlTemplate\":\"https:\/\/www.amarpies.com\/blog\/?s={search_term_string}\"},\"query-input\":\"required name=search_term_string\"}],\"inLanguage\":\"es\"},{\"@type\":\"ImageObject\",\"@id\":\"https:\/\/www.amarpies.com\/blog\/asi-es-la-nueva-coleccion-primavera-verano-2021-de-amarpies\/#primaryimage\",\"inLanguage\":\"es\",\"url\":\"https:\/\/www.amarpies.com\/blog\/wp-content\/uploads\/2021\/04\/7a34a91d9ea801e6f7ecb7c52a87230c2e29f37c_amarpies-ss21-banner-web-02.jpg\",\"contentUrl\":\"https:\/\/www.amarpies.com\/blog\/wp-content\/uploads\/2021\/04\/7a34a91d9ea801e6f7ecb7c52a87230c2e29f37c_amarpies-ss21-banner-web-02.jpg\",\"width\":1920,\"height\":1000},{\"@type\":\"WebPage\",\"@id\":\"https:\/\/www.amarpies.com\/blog\/asi-es-la-nueva-coleccion-primavera-verano-2021-de-amarpies\/#webpage\",\"url\":\"https:\/\/www.amarpies.com\/blog\/asi-es-la-nueva-coleccion-primavera-verano-2021-de-amarpies\/\",\"name\":\"As\\u00ed es la nueva colecci\\u00f3n primavera-verano 2021 de Amarpies\",\"isPartOf\":{\"@id\":\"https:\/\/www.amarpies.com\/blog\/#website\"},\"primaryImageOfPage\":{\"@id\":\"https:\/\/www.amarpies.com\/blog\/asi-es-la-nueva-coleccion-primavera-verano-2021-de-amarpies\/#primaryimage\"},\"datePublished\":\"2021-04-26T10:30:00+00:00\",\"dateModified\":\"2021-04-27T10:44:46+00:00\",\"author\":{\"@id\":\"https:\/\/www.amarpies.com\/blog\/#\/schema\/person\/5673c208a2be4005e0fb3b9dd91715c4\"},\"description\":\"\\u00a1Ya est\\u00e1 aqu\\u00ed la nueva colecci\\u00f3n primavera-verano 2021 de Amarpies! \\u00a1Dale un vistazo y elige el calzado que mejor se adapte a tu estilo!\",\"breadcrumb\":{\"@id\":\"https:\/\/www.amarpies.com\/blog\/asi-es-la-nueva-coleccion-primavera-verano-2021-de-amarpies\/#breadcrumb\"},\"inLanguage\":\"es\",\"potentialAction\":[{\"@type\":\"ReadAction\",\"target\":[\"https:\/\/www.amarpies.com\/blog\/asi-es-la-nueva-coleccion-primavera-verano-2021-de-amarpies\/\"]}]},{\"@type\":\"BreadcrumbList\",\"@id\":\"https:\/\/www.amarpies.com\/blog\/asi-es-la-nueva-coleccion-primavera-verano-2021-de-amarpies\/#breadcrumb\",\"itemListElement\":[{\"@type\":\"ListItem\",\"position\":1,\"name\":\"Portada\",\"item\":\"https:\/\/www.amarpies.com\/blog\/\"},{\"@type\":\"ListItem\",\"position\":2,\"name\":\"As\\u00ed es la nueva colecci\\u00f3n primavera-verano 2021 de Amarpies\"}]},{\"@type\":\"Person\",\"@id\":\"https:\/\/www.amarpies.com\/blog\/#\/schema\/person\/5673c208a2be4005e0fb3b9dd91715c4\",\"name\":\"david\",\"image\":{\"@type\":\"ImageObject\",\"@id\":\"https:\/\/www.amarpies.com\/blog\/#personlogo\",\"inLanguage\":\"es\",\"url\":\"https:\/\/secure.gravatar.com\/avatar\/68df0ca1d43f83f2e2233ef4583f5fab?s=96&d=mm&r=g\",\"contentUrl\":\"https:\/\/secure.gravatar.com\/avatar\/68df0ca1d43f83f2e2233ef4583f5fab?s=96&d=mm&r=g\",\"caption\":\"david\"},\"url\":\"https:\/\/www.amarpies.com\/blog\/author\/david\/\"}]}<\/script>\n<!-- \/ Yoast SEO plugin. -->","yoast_head_json":{"title":"As\u00ed es la nueva colecci\u00f3n primavera-verano 2021 de Amarpies","description":"\u00a1Ya est\u00e1 aqu\u00ed la nueva colecci\u00f3n primavera-verano 2021 de Amarpies! \u00a1Dale un vistazo y elige el calzado que mejor se adapte a tu estilo!","robots":{"index":"index","follow":"follow","max-snippet":"max-snippet:-1","max-image-preview":"max-image-preview:large","max-video-preview":"max-video-preview:-1"},"canonical":"https:\/\/www.amarpies.com\/blog\/asi-es-la-nueva-coleccion-primavera-verano-2021-de-amarpies\/","og_locale":"es_ES","og_type":"article","og_title":"As\u00ed es la nueva colecci\u00f3n primavera-verano 2021 de Amarpies","og_description":"\u00a1Ya est\u00e1 aqu\u00ed la nueva colecci\u00f3n primavera-verano 2021 de Amarpies! \u00a1Dale un vistazo y elige el calzado que mejor se adapte a tu estilo!","og_url":"https:\/\/www.amarpies.com\/blog\/asi-es-la-nueva-coleccion-primavera-verano-2021-de-amarpies\/","og_site_name":"Amarpies","article_published_time":"2021-04-26T10:30:00+00:00","article_modified_time":"2021-04-27T10:44:46+00:00","og_image":[{"width":1920,"height":1000,"url":"https:\/\/www.amarpies.com\/blog\/wp-content\/uploads\/2021\/04\/7a34a91d9ea801e6f7ecb7c52a87230c2e29f37c_amarpies-ss21-banner-web-02.jpg","path":"\/var\/www\/vhosts\/amarpies.com\/httpdocs\/blog\/wp-content\/uploads\/2021\/04\/7a34a91d9ea801e6f7ecb7c52a87230c2e29f37c_amarpies-ss21-banner-web-02.jpg","size":"full","id":290,"alt":"","pixels":1920000,"type":"image\/jpeg"}],"twitter_card":"summary_large_image","twitter_misc":{"Escrito por":"david","Tiempo de lectura":"2 minutos"},"schema":{"@context":"https:\/\/schema.org","@graph":[{"@type":"WebSite","@id":"https:\/\/www.amarpies.com\/blog\/#website","url":"https:\/\/www.amarpies.com\/blog\/","name":"Amarpies","description":"Calzado C\u00f3modo","potentialAction":[{"@type":"SearchAction","target":{"@type":"EntryPoint","urlTemplate":"https:\/\/www.amarpies.com\/blog\/?s={search_term_string}"},"query-input":"required name=search_term_string"}],"inLanguage":"es"},{"@type":"ImageObject","@id":"https:\/\/www.amarpies.com\/blog\/asi-es-la-nueva-coleccion-primavera-verano-2021-de-amarpies\/#primaryimage","inLanguage":"es","url":"https:\/\/www.amarpies.com\/blog\/wp-content\/uploads\/2021\/04\/7a34a91d9ea801e6f7ecb7c52a87230c2e29f37c_amarpies-ss21-banner-web-02.jpg","contentUrl":"https:\/\/www.amarpies.com\/blog\/wp-content\/uploads\/2021\/04\/7a34a91d9ea801e6f7ecb7c52a87230c2e29f37c_amarpies-ss21-banner-web-02.jpg","width":1920,"height":1000},{"@type":"WebPage","@id":"https:\/\/www.amarpies.com\/blog\/asi-es-la-nueva-coleccion-primavera-verano-2021-de-amarpies\/#webpage","url":"https:\/\/www.amarpies.com\/blog\/asi-es-la-nueva-coleccion-primavera-verano-2021-de-amarpies\/","name":"As\u00ed es la nueva colecci\u00f3n primavera-verano 2021 de Amarpies","isPartOf":{"@id":"https:\/\/www.amarpies.com\/blog\/#website"},"primaryImageOfPage":{"@id":"https:\/\/www.amarpies.com\/blog\/asi-es-la-nueva-coleccion-primavera-verano-2021-de-amarpies\/#primaryimage"},"datePublished":"2021-04-26T10:30:00+00:00","dateModified":"2021-04-27T10:44:46+00:00","author":{"@id":"https:\/\/www.amarpies.com\/blog\/#\/schema\/person\/5673c208a2be4005e0fb3b9dd91715c4"},"description":"\u00a1Ya est\u00e1 aqu\u00ed la nueva colecci\u00f3n primavera-verano 2021 de Amarpies! \u00a1Dale un vistazo y elige el calzado que mejor se adapte a tu estilo!","breadcrumb":{"@id":"https:\/\/www.amarpies.com\/blog\/asi-es-la-nueva-coleccion-primavera-verano-2021-de-amarpies\/#breadcrumb"},"inLanguage":"es","potentialAction":[{"@type":"ReadAction","target":["https:\/\/www.amarpies.com\/blog\/asi-es-la-nueva-coleccion-primavera-verano-2021-de-amarpies\/"]}]},{"@type":"BreadcrumbList","@id":"https:\/\/www.amarpies.com\/blog\/asi-es-la-nueva-coleccion-primavera-verano-2021-de-amarpies\/#breadcrumb","itemListElement":[{"@type":"ListItem","position":1,"name":"Portada","item":"https:\/\/www.amarpies.com\/blog\/"},{"@type":"ListItem","position":2,"name":"As\u00ed es la nueva colecci\u00f3n primavera-verano 2021 de Amarpies"}]},{"@type":"Person","@id":"https:\/\/www.amarpies.com\/blog\/#\/schema\/person\/5673c208a2be4005e0fb3b9dd91715c4","name":"david","image":{"@type":"ImageObject","@id":"https:\/\/www.amarpies.com\/blog\/#personlogo","inLanguage":"es","url":"https:\/\/secure.gravatar.com\/avatar\/68df0ca1d43f83f2e2233ef4583f5fab?s=96&d=mm&r=g","contentUrl":"https:\/\/secure.gravatar.com\/avatar\/68df0ca1d43f83f2e2233ef4583f5fab?s=96&d=mm&r=g","caption":"david"},"url":"https:\/\/www.amarpies.com\/blog\/author\/david\/"}]}},"_links":{"self":[{"href":"https:\/\/www.amarpies.com\/blog\/wp-json\/wp\/v2\/posts\/288"}],"collection":[{"href":"https:\/\/www.amarpies.com\/blog\/wp-json\/wp\/v2\/posts"}],"about":[{"href":"https:\/\/www.amarpies.com\/blog\/wp-json\/wp\/v2\/types\/post"}],"author":[{"embeddable":true,"href":"https:\/\/www.amarpies.com\/blog\/wp-json\/wp\/v2\/users\/1"}],"replies":[{"embeddable":true,"href":"https:\/\/www.amarpies.com\/blog\/wp-json\/wp\/v2\/comments?post=288"}],"version-history":[{"count":1,"href":"https:\/\/www.amarpies.com\/blog\/wp-json\/wp\/v2\/posts\/288\/revisions"}],"predecessor-version":[{"id":291,"href":"https:\/\/www.amarpies.com\/blog\/wp-json\/wp\/v2\/posts\/288\/revisions\/291"}],"wp:featuredmedia":[{"embeddable":true,"href":"https:\/\/www.amarpies.com\/blog\/wp-json\/wp\/v2\/media\/290"}],"wp:attachment":[{"href":"https:\/\/www.amarpies.com\/blog\/wp-json\/wp\/v2\/media?parent=288"}],"wp:term":[{"taxonomy":"category","embeddable":true,"href":"https:\/\/www.amarpies.com\/blog\/wp-json\/wp\/v2\/categories?post=288"},{"taxonomy":"post_tag","embeddable":true,"href":"https:\/\/www.amarpies.com\/blog\/wp-json\/wp\/v2\/tags?post=288"}],"curies":[{"name":"wp","href":"https:\/\/api.w.org\/{rel}","templated":true}]}}